{"id":2224,"date":"2023-07-28T11:06:32","date_gmt":"2023-07-28T09:06:32","guid":{"rendered":"https:\/\/www.bike-guides.de\/?p=2224"},"modified":"2023-08-03T13:40:17","modified_gmt":"2023-08-03T11:40:17","slug":"teil-9-rueckreise-und-fazit","status":"publish","type":"post","link":"https:\/\/www.bike-guides.de\/index.php\/2023\/07\/28\/teil-9-rueckreise-und-fazit\/","title":{"rendered":"Teil 9: R\u00fcckreise und Fazit"},"content":{"rendered":"\n<h2 class=\"wp-block-heading\" style=\"font-size:18px;font-style:normal;font-weight:600\"><strong>Alpen\u00fcberquerung von F\u00fcssen zum Gardasee<\/strong><\/h2>\n\n\n\n<!--more-->\n\n\n\n<p>(Titelfoto: Susanne Kratzer)<\/p>\n\n\n<style>#sp-ea-2206 .spcollapsing { height: 0; overflow: hidden; transition-property: height;transition-duration: 300ms;}#sp-ea-2206{ position: relative; }#sp-ea-2206 .ea-card{ opacity: 0;}#eap-preloader-2206{ position: absolute; left: 0; top: 0; height: 100%;width: 100%; text-align: center;display: flex; align-items: center;justify-content: center;}#sp-ea-2206.sp-easy-accordion>.sp-ea-single {margin-bottom: 10px; border: 2px solid #e2e2e2; }#sp-ea-2206.sp-easy-accordion>.sp-ea-single>.ea-header a {color: #444;}#sp-ea-2206.sp-easy-accordion>.sp-ea-single>.sp-collapse>.ea-body {background: #fff; color: #444;}#sp-ea-2206.sp-easy-accordion>.sp-ea-single {background: #abb8c3;}#sp-ea-2206.sp-easy-accordion>.sp-ea-single>.ea-header a .ea-expand-icon { float: left; color: #444;font-size: 16px;}<\/style><div id=\"sp_easy_accordion-1690517922\">\n<div id=\"sp-ea-2206\" class=\"sp-ea-one sp-easy-accordion\" data-ex-icon=\"minus\" data-col-icon=\"plus\" data-ea-active=\"ea-click\" data-ea-mode=\"vertical\" data-preloader=\"1\" data-scroll-active-item=\"\" data-offset-to-scroll=\"0\">\n\t<div id=\"eap-preloader-2206\" class=\"accordion-preloader\">\n\t\t<img decoding=\"async\" src=\"https:\/\/www.bike-guides.de\/wp-content\/plugins\/easy-accordion-free\/public\/assets\/ea_loader.svg\" alt=\"Loader image\"\/>\n\t<\/div>\n\t\t<!-- Start accordion card div. -->\n\t<div class=\"ea-card  sp-ea-single\">\n\t\t<!-- Start accordion header. -->\n\t\t<h3 class=\"ea-header\">\n\t\t\t<!-- Add anchor tag for header. -->\n\t\t\t<a class=\"collapsed\" id=\"ea-header-22060\" data-sptoggle=\"spcollapse\" data-sptarget=\"#collapse22060\" aria-controls=\"collapse22060\" href=\"#\"  aria-expanded=\"false\" tabindex=\"0\">\n\t\t\t<i class=\"ea-expand-icon ea-icon-expand-plus\"><\/i> Alle Berichte aus der Reihe\t\t\t<\/a> <!-- Close anchor tag for header. -->\n\t\t<\/h3>\t<!-- Close header tag. -->\n\t\t<!-- Start collapsible content div. -->\n\t\t<div class=\"sp-collapse spcollapse spcollapse\" id=\"collapse22060\" data-parent=\"#sp-ea-2206\" role=\"region\" aria-labelledby=\"ea-header-22060\">  <!-- Content div. -->\n\t\t\t<div class=\"ea-body\">\n\t\t\t<p><a href=\"https:\/\/www.bike-guides.de\/index.php\/2023\/07\/20\/alpenueberquerung-von-fuessen-bis-zum-gardasee\/\">Teil 1: Planung und Organisation<\/a><br \/>\n<a href=\"https:\/\/www.bike-guides.de\/index.php\/2023\/07\/21\/teil-2-ueber-den-alpsee-und-fernpass-nach-imst\/\">Teil 2: \u00dcber den Alpsee und Fernpass nach Imst<\/a><br \/>\n<a href=\"https:\/\/www.bike-guides.de\/index.php\/2023\/07\/22\/teil-3-regeneratives-ausschuetteln-der-beine-zwischen-imst-und-pfunds\/\">Teil 3: Regeneratives Aussch\u00fctteln der Beine zwischen Imst und Pfunds<\/a><br \/>\n<a href=\"https:\/\/www.bike-guides.de\/index.php\/2023\/07\/23\/teil-4-ueber-wilde-grenzen-und-schwarze-loecher-auf-das-dach-der-tour\/\">Teil 4: \u00dcber wilde Grenzen und schwarze L\u00f6cher auf das Dach der Tour<\/a><br \/>\n<a href=\"https:\/\/www.bike-guides.de\/index.php\/2023\/07\/24\/teil-5-von-laas-ueber-meran-an-den-kalterer-see-spaetstart-in-die-laengste-etappe\/\">Teil 5: Von Laas \u00fcber Meran an den Kalterer See<\/a><br \/>\n<a href=\"https:\/\/www.bike-guides.de\/index.php\/2023\/07\/25\/teil-6-un-ruhetag-nicht-nur-am-kalterer-see\/\">Teil 6: (Un-)Ruhetag nicht nur am Kalterer See<\/a><br \/>\n<a href=\"https:\/\/www.bike-guides.de\/index.php\/2023\/07\/26\/teil-7-durch-das-tor-des-suedens-kurz-vor-dem-sprung-zum-finale\/\">Teil 7: Durch das Tor des S\u00fcdens kurz vor dem Sprung zum Finale<\/a><br \/>\n<a href=\"https:\/\/www.bike-guides.de\/index.php\/2023\/07\/27\/teil-8-vom-gardasee-ueberwaeltigt\/\">Teil 8: Vom Gardasee \u00fcberw\u00e4ltigt<\/a><br \/>\n<a href=\"https:\/\/www.bike-guides.de\/index.php\/2023\/07\/28\/teil-9-rueckreise-und-fazit\/\">Teil 9: R\u00fcckreise und Fazit<\/a><\/p>\n\t\t\t<\/div> <!-- Close content div. -->\n\t\t<\/div> <!-- Close collapse div. -->\n\t<\/div> <!-- Close card div. -->\n\t<\/div>\n<\/div>\n\n\n\n\n<p><\/p>\n\n\n\n<h3 class=\"wp-block-heading\"><br><strong>Postkartenbedingungen zum Abschied vom Gardasee<\/strong><\/h3>\n\n\n\n<p>Die Morgenstimmung am Abreisetag war hart, gnadenlos. Ein perfekter Sommermorgen mit wolkenlosem Himmel, klarer frischer Luft und optimaler Temperatur f\u00fcr Aktivit\u00e4ten drau\u00dfen. erwartet uns am letzten Tag unserer Radreise. Was k\u00f6nnte man heute alles hier unternehmen, wenn man noch mehr Zeit h\u00e4tte? Immerhin w\u00fcrden wir eine angenehme letzte kleine 26 km-Tour zum Bahnhof nach Rovereto haben.<\/p>\n\n\n\n<figure class=\"wp-block-image size-large\"><a href=\"https:\/\/www.bike-guides.de\/?attachment_id=2238\" target=\"_blank\" rel=\"noreferrer noopener\"><img loading=\"lazy\" decoding=\"async\" width=\"1024\" height=\"576\" src=\"https:\/\/www.bike-guides.de\/wp-content\/uploads\/2023\/07\/Mountainbiker-Torbole-1024x576.jpg\" alt=\"Strandpromenade von Torbole am Gardasee mit Mountainbikern\" class=\"wp-image-2238\" srcset=\"https:\/\/www.bike-guides.de\/wp-content\/uploads\/2023\/07\/Mountainbiker-Torbole-1024x576.jpg 1024w, https:\/\/www.bike-guides.de\/wp-content\/uploads\/2023\/07\/Mountainbiker-Torbole-300x169.jpg 300w, https:\/\/www.bike-guides.de\/wp-content\/uploads\/2023\/07\/Mountainbiker-Torbole-768x432.jpg 768w, https:\/\/www.bike-guides.de\/wp-content\/uploads\/2023\/07\/Mountainbiker-Torbole.jpg 1400w\" sizes=\"auto, (max-width: 767px) 89vw, (max-width: 1000px) 54vw, (max-width: 1071px) 543px, 580px\" \/><\/a><figcaption class=\"wp-element-caption\">Die machen es richtig &#8211; ein perfekter Tag f\u00fcr Abenteuer in der Umgebung<\/figcaption><\/figure>\n\n\n\n<p class=\"has-background\" style=\"background-color:#f7e9ee\">Dieses Foto ist aus einem kompletten <a href=\"https:\/\/youtu.be\/MAID0AOkrv4\" target=\"_blank\" rel=\"noreferrer noopener\">YouTube-Video<\/a>, das die ganze Fahrt entlang der Promenade von Torbole am Morgen der Abreise zeigt. Dieses Video habe ich auch schon im <a href=\"https:\/\/www.bike-guides.de\/index.php\/2023\/07\/27\/teil-8-vom-gardasee-ueberwaeltigt\/\">vorherigen Teil<\/a> unseres Specials verlinkt.<\/p>\n\n\n\n<p>Wer die Bilder auf sich wirken l\u00e4sst, kann gut verstehen, dass der Abschied nicht gerade leicht fiel.<\/p>\n\n\n\n<h3 class=\"wp-block-heading\"><strong>Rechtzeitige Reservierung &#8211; problemlose R\u00fcckreise mit den Fahrr\u00e4dern im Zug<\/strong><\/h3>\n\n\n\n<p>Wie schon in der<a href=\"https:\/\/www.bike-guides.de\/index.php\/2023\/07\/20\/alpenueberquerung-von-fuessen-bis-zum-gardasee\/\"> Einleitung zu dieser Berichtsreihe<\/a> erw\u00e4hnt, sollte man f\u00fcr die R\u00fcckreise mit dem Zug ab Rovereto bis M\u00fcnchen unbedingt rechtzeitig <strong>Fahrkarten  und Pl\u00e4tze f\u00fcr sich und ganz besonders f\u00fcr die Fahrr\u00e4der<\/strong> organisieren. Wir trafen ein Paar aus Deutschland, das ganz spontan direkt am Bahnhof alles erwerben wollte. Zun\u00e4chst wurde ihnen am Schalter gesagt, sie k\u00f6nnten &#8211; obwohl es keine Tickets mehr g\u00e4be &#8211; mal mit dem Schaffner im Zug reden, der h\u00e4tte die letzte Verantwortung. Am Ende gab es keine Mitfahrt f\u00fcr die beiden. Besagter Mitarbeiter im Zug wies alle Anfragen sehr schroff ab &#8211; keine Reservierung &#8211; keine Fahrradmitnahme. Das wiederholte sich an fast jedem weiteren Haltebahnhof des EC Verona-M\u00fcnchen in \u00e4hnlicher Weise.<\/p>\n\n\n\n<figure class=\"wp-block-image size-large\"><a href=\"https:\/\/www.bike-guides.de\/?attachment_id=2247\" target=\"_blank\" rel=\"noreferrer noopener\"><img loading=\"lazy\" decoding=\"async\" width=\"1024\" height=\"751\" src=\"https:\/\/www.bike-guides.de\/wp-content\/uploads\/2023\/07\/Bahnhof-Rovereto-1024x751.jpg\" alt=\"Bahnsteig Rovereto mit Fahrr\u00e4dern - warten auf Zug zum R\u00fccktransport nach der Tour\" class=\"wp-image-2247\" srcset=\"https:\/\/www.bike-guides.de\/wp-content\/uploads\/2023\/07\/Bahnhof-Rovereto-1024x751.jpg 1024w, https:\/\/www.bike-guides.de\/wp-content\/uploads\/2023\/07\/Bahnhof-Rovereto-300x220.jpg 300w, https:\/\/www.bike-guides.de\/wp-content\/uploads\/2023\/07\/Bahnhof-Rovereto-768x563.jpg 768w, https:\/\/www.bike-guides.de\/wp-content\/uploads\/2023\/07\/Bahnhof-Rovereto.jpg 1200w\" sizes=\"auto, (max-width: 767px) 89vw, (max-width: 1000px) 54vw, (max-width: 1071px) 543px, 580px\" \/><\/a><figcaption class=\"wp-element-caption\">Warten auf den Zug am Bahnsteig in Rovereto (Foto: Norbert Widera)<\/figcaption><\/figure>\n\n\n\n<p>Wir hatten diese vorhersehbaren Probleme im Vorfeld ausger\u00e4umt. Um auch gegen \u00dcberraschungen gewappnet zu sein, sind wir m\u00f6glichst fr\u00fch aufgebrochen, um auch bei einer eventuellen Reifenpanne noch Spielr\u00e4ume zur Reparatur zu haben. Da alles glatt lief, nutzten wir die reichlich verbliebene Zeit vor Abfahrt des Zuges gegen 11:30 noch f\u00fcr ein Fr\u00fchst\u00fcck auf der Terrasse des <a href=\"https:\/\/www.google.com\/maps\/place\/Bicigrill+Rovereto\/@45.880455,11.0194759,17z\/data=!4m15!1m8!3m7!1s0x47820fe4dcda41a9:0xb26a79268da13b73!2sBicigrill+Rovereto!8m2!3d45.880455!4d11.0216646!10e1!16s%2Fg%2F11h9lslphp!3m5!1s0x47820fe4dcda41a9:0xb26a79268da13b73!8m2!3d45.880455!4d11.0216646!16s%2Fg%2F11h9lslphp?entry=ttu\">Lokals<\/a>, das wir bei der <a href=\"https:\/\/www.bike-guides.de\/index.php\/2023\/07\/27\/teil-8-vom-gardasee-ueberwaeltigt\/\">vorherigen Etappe<\/a> schon f\u00fcr den letzten Halt vor dem Gardasee genutzt haben.<\/p>\n\n\n\n<h3 class=\"wp-block-heading\"><strong>Separater Waggon f\u00fcr die Fahrr\u00e4der<\/strong><\/h3>\n\n\n\n<p>Der R\u00fccktransport der Fahrr\u00e4der in einem abgeschlossenen Abteil in einem separaten Waggon des Zuges. Der Schaffner nimmt sie in Empfang und verwahrt sie. Man hat selbst keinen Zutritt, auch nicht w\u00e4hrend der gesamten Fahrt. Wie sich bei der Ausgabe der R\u00e4der in M\u00fcnchen herausstellte, kann das Personal die R\u00e4der nicht den Besitzern zuordnen. Man muss einfach &#8222;das ist meins!&#8220; rufen. Es ist wohl am Ende aufgegangen&#8230;<\/p>\n\n\n\n<figure class=\"wp-block-image size-large\"><a href=\"https:\/\/www.bike-guides.de\/?attachment_id=2245\" target=\"_blank\" rel=\"noreferrer noopener\"><img loading=\"lazy\" decoding=\"async\" width=\"768\" height=\"1024\" src=\"https:\/\/www.bike-guides.de\/wp-content\/uploads\/2023\/07\/Fahrradabteil-Zug-768x1024.jpg\" alt=\"Spezieller Waggon mit Fahrradabteil im Zug\" class=\"wp-image-2245\" srcset=\"https:\/\/www.bike-guides.de\/wp-content\/uploads\/2023\/07\/Fahrradabteil-Zug-768x1024.jpg 768w, https:\/\/www.bike-guides.de\/wp-content\/uploads\/2023\/07\/Fahrradabteil-Zug-225x300.jpg 225w, https:\/\/www.bike-guides.de\/wp-content\/uploads\/2023\/07\/Fahrradabteil-Zug-1152x1536.jpg 1152w, https:\/\/www.bike-guides.de\/wp-content\/uploads\/2023\/07\/Fahrradabteil-Zug.jpg 1400w\" sizes=\"auto, (max-width: 767px) 89vw, (max-width: 1000px) 54vw, (max-width: 1071px) 543px, 580px\" \/><\/a><figcaption class=\"wp-element-caption\">Separates abgeschlossenes Abteil f\u00fcr die Fahrr\u00e4der im Zug &#8211; nur das Personal hat Zugang. (Foto: Norbert Widera)<\/figcaption><\/figure>\n\n\n\n<h3 class=\"wp-block-heading\"><strong>Mein pers\u00f6nliches Fazit<\/strong><\/h3>\n\n\n\n<p>Kurzfassung: <br>Tolle Sache mit vielen unterschiedlichen und wohl unvergesslichen Eindr\u00fccken und Erlebnissen!<\/p>\n\n\n\n<p>Ausf\u00fchrlicher:<br>Es war nicht die eine einheitliche Tour &#8211; eine Schublade, in die die komplette Reise passen k\u00f6nnte, gibt es nicht. Vielmehr war unsere Route &#8211; stark von der Via Claudia Augusta gepr\u00e4gt &#8211; eine Reihe ganz verschiedener Tagestouren. Es gab Passagen, die uns schon nahe an die Bergwelt gebracht haben, andere waren hingegen gepr\u00e4gt von Kulturlandschaften mit den Alpen als Panorama und Kulisse. <\/p>\n\n\n\n<p>Die Bergetappen, da denke ich an den <a href=\"https:\/\/www.bike-guides.de\/index.php\/2023\/07\/21\/teil-2-ueber-den-alpsee-und-fernpass-nach-imst\/#fernpass\">Fernpass<\/a> und auch an die von mir etwas umgeplante Passage nach Nauders unter Umgehung der Stra\u00dfe<a href=\"https:\/\/www.bike-guides.de\/index.php\/2023\/07\/23\/teil-4-ueber-wilde-grenzen-und-schwarze-loecher-auf-das-dach-der-tour\/#bergwald\"> durch den Bergwald<\/a>, bringen den durchschnittlichen Trekkingradfahrer zumindest auf kurzen Teilst\u00fccken nahe an die Grenze. <\/p>\n\n\n\n<h3 class=\"wp-block-heading\"><strong>Kein Problem f\u00fcr ge\u00fcbte Radler &#8211; ohne Unterst\u00fctzung wird es teilweise sehr sportlich<\/strong><\/h3>\n\n\n\n<p>Dennoch kann man auch der gesamten Route schon das Pr\u00e4dikat &#8222;Tauglich f\u00fcr Reiser\u00e4der&#8220; verleihen, insbesondere weil vertretbar kurze Schiebepassagen eventuelle Probleme komplett l\u00f6sen k\u00f6nnen.<\/p>\n\n\n\n<p>Wenn man nach 20 Jahren Abstinenz vom Radfahren mal etwas mit dem neu angeschafften Gef\u00e4hrt erleben m\u00f6chte, w\u00e4re unsere Route vielleicht nicht die erste Wahl. Sicher und angstfrei sollte man schon sein. <\/p>\n\n\n\n<p>Wir hatten alle Pedelecs. Die Etappen mit starken Anstiegen sind f\u00fcr Fahrer nicht unterst\u00fctzter Gef\u00e4hrte schon sehr sportlich &#8211; aber nicht unm\u00f6glich, wir trafen einige.<\/p>\n\n\n\n<p>Beschr\u00e4nkung beim Gep\u00e4ck ist sicher auch der Man\u00f6vrierf\u00e4higkeit auf absch\u00fcssigen Schotterpassagen zutr\u00e4glich. Auch wollte ich bestimmte Teilst\u00fccke nicht gerade mit den d\u00fcnnsten Cityreifen fahren wollen.<\/p>\n\n\n\n<h3 class=\"wp-block-heading\"><strong>Kein Trailabenteuer f\u00fcr Mountainbiker<\/strong><\/h3>\n\n\n\n<p>Umgekehrt ist klar zu sagen, dass die Via Claudia Augusta kein  Trailabenteuer f\u00fcr passionierte Mountainbiker ist, da gibt es sicher andere Routen.<\/p>\n\n\n\n<p>F\u00fcr uns war die Reise Impulsgeber f\u00fcr weitere Erkundungen der gestreiften Regionen. Insbesondere die Umgebung von Eppan und der Kalterer See haben nachdr\u00fccklich beeindruckt, der Gardasee als bekanntes Juwel selbstredend ebenfalls.<\/p>\n\n\n\n<h3 class=\"wp-block-heading\"><strong>Bleibt vernetzt&#8230;.<\/strong><\/h3>\n\n\n\n<p>Ich freue mich, wenn diese Berichtsreihe hilfreich ist und von zahlreichen Lesern flei\u00dfig geteilt wird. <\/p>\n\n\n\n<p>Folgt uns auf <a href=\"https:\/\/www.instagram.com\/bike_guides.de\/\">Instagram<\/a> und <a href=\"https:\/\/www.facebook.com\/profile.php?id=100091285535004\">Facebook<\/a> f\u00fcr aktuelle Bilder und Stories zu unserem Treiben. Hinterlasst gerne Kommentare mit Kritik, Anregungen und Erg\u00e4nzungen.<\/p>\n\n\n\n<p><\/p>\n\n\n\n<p><strong>In diesem Sinne &#8211; wir sehen uns drau\u00dfen&#8230;.<\/strong><\/p>\n\n\n\n<p>Vorheriger Teil:<br><a href=\"https:\/\/www.bike-guides.de\/index.php\/2023\/07\/27\/teil-8-vom-gardasee-ueberwaeltigt\/\">Teil 8: Vom Gardasee \u00fcberw\u00e4ltigt<\/a><\/p>\n\n\n<div class=\"wp-block-image\">\n<figure class=\"alignleft size-full\"><a href=\"https:\/\/www.bike-guides.de\"><img loading=\"lazy\" decoding=\"async\" width=\"200\" height=\"257\" src=\"https:\/\/www.bike-guides.de\/wp-content\/uploads\/2022\/10\/Motto-Logo-e1665597120190.png\" alt=\"Logo Bike-Guides\" class=\"wp-image-189\"\/><\/a><\/figure>\n<\/div>","protected":false},"excerpt":{"rendered":"<p>Alpen\u00fcberquerung von F\u00fcssen zum Gardasee<\/p>\n","protected":false},"author":1,"featured_media":2230,"comment_status":"open","ping_status":"closed","sticky":false,"template":"","format":"standard","meta":{"jetpack_post_was_ever_published":false,"_jetpack_newsletter_access":"","_jetpack_dont_email_post_to_subs":false,"_jetpack_newsletter_tier_id":0,"_jetpack_memberships_contains_paywalled_content":false,"_jetpack_memberships_contains_paid_content":false,"footnotes":""},"categories":[12],"tags":[42,41,44],"class_list":["post-2224","post","type-post","status-publish","format-standard","has-post-thumbnail","hentry","category-berichte-touren-e-mountainbike","tag-alpencross","tag-alpenueberquerung","tag-via-claudia-augusta"],"yoast_head":"<!-- This site is optimized with the Yoast SEO plugin v27.4 - https:\/\/yoast.com\/product\/yoast-seo-wordpress\/ -->\n<title>R\u00fcckreise mit dem Zug ab Rovereto und Fazit - Alpen\u00fcberquerung F\u00fcssen- Gardasee Teil 9<\/title>\n<meta name=\"description\" content=\"Die R\u00fcckreise samt Fahrrad mit dem Zug vom Gardasee und ein Fazit zur gesamten Reise sind Thema im 9. Teil des Berichtes.\" \/>\n<meta name=\"robots\" content=\"index, follow, max-snippet:-1, max-image-preview:large, max-video-preview:-1\" \/>\n<link rel=\"canonical\" href=\"https:\/\/www.bike-guides.de\/index.php\/2023\/07\/28\/teil-9-rueckreise-und-fazit\/\" \/>\n<meta property=\"og:locale\" content=\"de_DE\" \/>\n<meta property=\"og:type\" content=\"article\" \/>\n<meta property=\"og:title\" content=\"R\u00fcckreise mit dem Zug ab Rovereto und Fazit - Alpen\u00fcberquerung F\u00fcssen- Gardasee Teil 9\" \/>\n<meta property=\"og:description\" content=\"Die R\u00fcckreise samt Fahrrad mit dem Zug vom Gardasee und ein Fazit zur gesamten Reise sind Thema im 9. Teil des Berichtes.\" \/>\n<meta property=\"og:url\" content=\"https:\/\/www.bike-guides.de\/index.php\/2023\/07\/28\/teil-9-rueckreise-und-fazit\/\" \/>\n<meta property=\"og:site_name\" content=\"Bike-Guides Weinheim\" \/>\n<meta property=\"article:published_time\" content=\"2023-07-28T09:06:32+00:00\" \/>\n<meta property=\"article:modified_time\" content=\"2023-08-03T11:40:17+00:00\" \/>\n<meta property=\"og:image\" content=\"https:\/\/www.bike-guides.de\/wp-content\/uploads\/2023\/07\/Titel-2.jpg\" \/>\n\t<meta property=\"og:image:width\" content=\"2000\" \/>\n\t<meta property=\"og:image:height\" content=\"1158\" \/>\n\t<meta property=\"og:image:type\" content=\"image\/jpeg\" \/>\n<meta name=\"author\" content=\"Andreas\" \/>\n<meta name=\"twitter:card\" content=\"summary_large_image\" \/>\n<meta name=\"twitter:label1\" content=\"Verfasst von\" \/>\n\t<meta name=\"twitter:data1\" content=\"Andreas\" \/>\n\t<meta name=\"twitter:label2\" content=\"Gesch\u00e4tzte Lesezeit\" \/>\n\t<meta name=\"twitter:data2\" content=\"6\u00a0Minuten\" \/>\n<script type=\"application\/ld+json\" class=\"yoast-schema-graph\">{\"@context\":\"https:\\\/\\\/schema.org\",\"@graph\":[{\"@type\":[\"Article\",\"Report\"],\"@id\":\"https:\\\/\\\/www.bike-guides.de\\\/index.php\\\/2023\\\/07\\\/28\\\/teil-9-rueckreise-und-fazit\\\/#article\",\"isPartOf\":{\"@id\":\"https:\\\/\\\/www.bike-guides.de\\\/index.php\\\/2023\\\/07\\\/28\\\/teil-9-rueckreise-und-fazit\\\/\"},\"author\":{\"name\":\"Andreas\",\"@id\":\"https:\\\/\\\/www.bike-guides.de\\\/#\\\/schema\\\/person\\\/b07147582d70a37352e01d7136769651\"},\"headline\":\"Teil 9: R\u00fcckreise und Fazit\",\"datePublished\":\"2023-07-28T09:06:32+00:00\",\"dateModified\":\"2023-08-03T11:40:17+00:00\",\"mainEntityOfPage\":{\"@id\":\"https:\\\/\\\/www.bike-guides.de\\\/index.php\\\/2023\\\/07\\\/28\\\/teil-9-rueckreise-und-fazit\\\/\"},\"wordCount\":867,\"commentCount\":0,\"publisher\":{\"@id\":\"https:\\\/\\\/www.bike-guides.de\\\/#organization\"},\"image\":{\"@id\":\"https:\\\/\\\/www.bike-guides.de\\\/index.php\\\/2023\\\/07\\\/28\\\/teil-9-rueckreise-und-fazit\\\/#primaryimage\"},\"thumbnailUrl\":\"https:\\\/\\\/www.bike-guides.de\\\/wp-content\\\/uploads\\\/2023\\\/07\\\/Titel-2.jpg\",\"keywords\":[\"Alpencross\",\"Alpen\u00fcberquerung\",\"Via Claudia Augusta\"],\"articleSection\":[\"Tourberichte\"],\"inLanguage\":\"de\",\"potentialAction\":[{\"@type\":\"CommentAction\",\"name\":\"Comment\",\"target\":[\"https:\\\/\\\/www.bike-guides.de\\\/index.php\\\/2023\\\/07\\\/28\\\/teil-9-rueckreise-und-fazit\\\/#respond\"]}]},{\"@type\":\"WebPage\",\"@id\":\"https:\\\/\\\/www.bike-guides.de\\\/index.php\\\/2023\\\/07\\\/28\\\/teil-9-rueckreise-und-fazit\\\/\",\"url\":\"https:\\\/\\\/www.bike-guides.de\\\/index.php\\\/2023\\\/07\\\/28\\\/teil-9-rueckreise-und-fazit\\\/\",\"name\":\"R\u00fcckreise mit dem Zug ab Rovereto und Fazit - Alpen\u00fcberquerung F\u00fcssen- Gardasee Teil 9\",\"isPartOf\":{\"@id\":\"https:\\\/\\\/www.bike-guides.de\\\/#website\"},\"primaryImageOfPage\":{\"@id\":\"https:\\\/\\\/www.bike-guides.de\\\/index.php\\\/2023\\\/07\\\/28\\\/teil-9-rueckreise-und-fazit\\\/#primaryimage\"},\"image\":{\"@id\":\"https:\\\/\\\/www.bike-guides.de\\\/index.php\\\/2023\\\/07\\\/28\\\/teil-9-rueckreise-und-fazit\\\/#primaryimage\"},\"thumbnailUrl\":\"https:\\\/\\\/www.bike-guides.de\\\/wp-content\\\/uploads\\\/2023\\\/07\\\/Titel-2.jpg\",\"datePublished\":\"2023-07-28T09:06:32+00:00\",\"dateModified\":\"2023-08-03T11:40:17+00:00\",\"description\":\"Die R\u00fcckreise samt Fahrrad mit dem Zug vom Gardasee und ein Fazit zur gesamten Reise sind Thema im 9. Teil des Berichtes.\",\"breadcrumb\":{\"@id\":\"https:\\\/\\\/www.bike-guides.de\\\/index.php\\\/2023\\\/07\\\/28\\\/teil-9-rueckreise-und-fazit\\\/#breadcrumb\"},\"inLanguage\":\"de\",\"potentialAction\":[{\"@type\":\"ReadAction\",\"target\":[\"https:\\\/\\\/www.bike-guides.de\\\/index.php\\\/2023\\\/07\\\/28\\\/teil-9-rueckreise-und-fazit\\\/\"]}]},{\"@type\":\"ImageObject\",\"inLanguage\":\"de\",\"@id\":\"https:\\\/\\\/www.bike-guides.de\\\/index.php\\\/2023\\\/07\\\/28\\\/teil-9-rueckreise-und-fazit\\\/#primaryimage\",\"url\":\"https:\\\/\\\/www.bike-guides.de\\\/wp-content\\\/uploads\\\/2023\\\/07\\\/Titel-2.jpg\",\"contentUrl\":\"https:\\\/\\\/www.bike-guides.de\\\/wp-content\\\/uploads\\\/2023\\\/07\\\/Titel-2.jpg\",\"width\":2000,\"height\":1158,\"caption\":\"Fahrrad am Ufer des Gardasees in Torbole vor Steilk\u00fcste\"},{\"@type\":\"BreadcrumbList\",\"@id\":\"https:\\\/\\\/www.bike-guides.de\\\/index.php\\\/2023\\\/07\\\/28\\\/teil-9-rueckreise-und-fazit\\\/#breadcrumb\",\"itemListElement\":[{\"@type\":\"ListItem\",\"position\":1,\"name\":\"Startseite\",\"item\":\"https:\\\/\\\/www.bike-guides.de\\\/\"},{\"@type\":\"ListItem\",\"position\":2,\"name\":\"Teil 9: R\u00fcckreise und Fazit\"}]},{\"@type\":\"WebSite\",\"@id\":\"https:\\\/\\\/www.bike-guides.de\\\/#website\",\"url\":\"https:\\\/\\\/www.bike-guides.de\\\/\",\"name\":\"Bike-Guides Weinheim\",\"description\":\"Gef\u00fchrte Touren und Events mit dem E-Mountainbike im Odenwald\",\"publisher\":{\"@id\":\"https:\\\/\\\/www.bike-guides.de\\\/#organization\"},\"potentialAction\":[{\"@type\":\"SearchAction\",\"target\":{\"@type\":\"EntryPoint\",\"urlTemplate\":\"https:\\\/\\\/www.bike-guides.de\\\/?s={search_term_string}\"},\"query-input\":{\"@type\":\"PropertyValueSpecification\",\"valueRequired\":true,\"valueName\":\"search_term_string\"}}],\"inLanguage\":\"de\"},{\"@type\":\"Organization\",\"@id\":\"https:\\\/\\\/www.bike-guides.de\\\/#organization\",\"name\":\"Bike-Guides Weinheim\",\"url\":\"https:\\\/\\\/www.bike-guides.de\\\/\",\"logo\":{\"@type\":\"ImageObject\",\"inLanguage\":\"de\",\"@id\":\"https:\\\/\\\/www.bike-guides.de\\\/#\\\/schema\\\/logo\\\/image\\\/\",\"url\":\"https:\\\/\\\/www.bike-guides.de\\\/wp-content\\\/uploads\\\/2022\\\/10\\\/cropped-logo-wei-wei.png\",\"contentUrl\":\"https:\\\/\\\/www.bike-guides.de\\\/wp-content\\\/uploads\\\/2022\\\/10\\\/cropped-logo-wei-wei.png\",\"width\":313,\"height\":250,\"caption\":\"Bike-Guides Weinheim\"},\"image\":{\"@id\":\"https:\\\/\\\/www.bike-guides.de\\\/#\\\/schema\\\/logo\\\/image\\\/\"}},{\"@type\":\"Person\",\"@id\":\"https:\\\/\\\/www.bike-guides.de\\\/#\\\/schema\\\/person\\\/b07147582d70a37352e01d7136769651\",\"name\":\"Andreas\",\"image\":{\"@type\":\"ImageObject\",\"inLanguage\":\"de\",\"@id\":\"https:\\\/\\\/www.bike-guides.de\\\/wp-content\\\/uploads\\\/2022\\\/10\\\/cropped-favicon-gr-e1665173137910-96x96.jpg\",\"url\":\"https:\\\/\\\/www.bike-guides.de\\\/wp-content\\\/uploads\\\/2022\\\/10\\\/cropped-favicon-gr-e1665173137910-96x96.jpg\",\"contentUrl\":\"https:\\\/\\\/www.bike-guides.de\\\/wp-content\\\/uploads\\\/2022\\\/10\\\/cropped-favicon-gr-e1665173137910-96x96.jpg\",\"caption\":\"Andreas\"},\"sameAs\":[\"https:\\\/\\\/www.bike-guides.de\"],\"url\":\"https:\\\/\\\/www.bike-guides.de\\\/index.php\\\/author\\\/apatolla_2wy5gpqk\\\/\"}]}<\/script>\n<!-- \/ Yoast SEO plugin. -->","yoast_head_json":{"title":"R\u00fcckreise mit dem Zug ab Rovereto und Fazit - Alpen\u00fcberquerung F\u00fcssen- Gardasee Teil 9","description":"Die R\u00fcckreise samt Fahrrad mit dem Zug vom Gardasee und ein Fazit zur gesamten Reise sind Thema im 9. Teil des Berichtes.","robots":{"index":"index","follow":"follow","max-snippet":"max-snippet:-1","max-image-preview":"max-image-preview:large","max-video-preview":"max-video-preview:-1"},"canonical":"https:\/\/www.bike-guides.de\/index.php\/2023\/07\/28\/teil-9-rueckreise-und-fazit\/","og_locale":"de_DE","og_type":"article","og_title":"R\u00fcckreise mit dem Zug ab Rovereto und Fazit - Alpen\u00fcberquerung F\u00fcssen- Gardasee Teil 9","og_description":"Die R\u00fcckreise samt Fahrrad mit dem Zug vom Gardasee und ein Fazit zur gesamten Reise sind Thema im 9. Teil des Berichtes.","og_url":"https:\/\/www.bike-guides.de\/index.php\/2023\/07\/28\/teil-9-rueckreise-und-fazit\/","og_site_name":"Bike-Guides Weinheim","article_published_time":"2023-07-28T09:06:32+00:00","article_modified_time":"2023-08-03T11:40:17+00:00","og_image":[{"width":2000,"height":1158,"url":"https:\/\/www.bike-guides.de\/wp-content\/uploads\/2023\/07\/Titel-2.jpg","type":"image\/jpeg"}],"author":"Andreas","twitter_card":"summary_large_image","twitter_misc":{"Verfasst von":"Andreas","Gesch\u00e4tzte Lesezeit":"6\u00a0Minuten"},"schema":{"@context":"https:\/\/schema.org","@graph":[{"@type":["Article","Report"],"@id":"https:\/\/www.bike-guides.de\/index.php\/2023\/07\/28\/teil-9-rueckreise-und-fazit\/#article","isPartOf":{"@id":"https:\/\/www.bike-guides.de\/index.php\/2023\/07\/28\/teil-9-rueckreise-und-fazit\/"},"author":{"name":"Andreas","@id":"https:\/\/www.bike-guides.de\/#\/schema\/person\/b07147582d70a37352e01d7136769651"},"headline":"Teil 9: R\u00fcckreise und Fazit","datePublished":"2023-07-28T09:06:32+00:00","dateModified":"2023-08-03T11:40:17+00:00","mainEntityOfPage":{"@id":"https:\/\/www.bike-guides.de\/index.php\/2023\/07\/28\/teil-9-rueckreise-und-fazit\/"},"wordCount":867,"commentCount":0,"publisher":{"@id":"https:\/\/www.bike-guides.de\/#organization"},"image":{"@id":"https:\/\/www.bike-guides.de\/index.php\/2023\/07\/28\/teil-9-rueckreise-und-fazit\/#primaryimage"},"thumbnailUrl":"https:\/\/www.bike-guides.de\/wp-content\/uploads\/2023\/07\/Titel-2.jpg","keywords":["Alpencross","Alpen\u00fcberquerung","Via Claudia Augusta"],"articleSection":["Tourberichte"],"inLanguage":"de","potentialAction":[{"@type":"CommentAction","name":"Comment","target":["https:\/\/www.bike-guides.de\/index.php\/2023\/07\/28\/teil-9-rueckreise-und-fazit\/#respond"]}]},{"@type":"WebPage","@id":"https:\/\/www.bike-guides.de\/index.php\/2023\/07\/28\/teil-9-rueckreise-und-fazit\/","url":"https:\/\/www.bike-guides.de\/index.php\/2023\/07\/28\/teil-9-rueckreise-und-fazit\/","name":"R\u00fcckreise mit dem Zug ab Rovereto und Fazit - Alpen\u00fcberquerung F\u00fcssen- Gardasee Teil 9","isPartOf":{"@id":"https:\/\/www.bike-guides.de\/#website"},"primaryImageOfPage":{"@id":"https:\/\/www.bike-guides.de\/index.php\/2023\/07\/28\/teil-9-rueckreise-und-fazit\/#primaryimage"},"image":{"@id":"https:\/\/www.bike-guides.de\/index.php\/2023\/07\/28\/teil-9-rueckreise-und-fazit\/#primaryimage"},"thumbnailUrl":"https:\/\/www.bike-guides.de\/wp-content\/uploads\/2023\/07\/Titel-2.jpg","datePublished":"2023-07-28T09:06:32+00:00","dateModified":"2023-08-03T11:40:17+00:00","description":"Die R\u00fcckreise samt Fahrrad mit dem Zug vom Gardasee und ein Fazit zur gesamten Reise sind Thema im 9. Teil des Berichtes.","breadcrumb":{"@id":"https:\/\/www.bike-guides.de\/index.php\/2023\/07\/28\/teil-9-rueckreise-und-fazit\/#breadcrumb"},"inLanguage":"de","potentialAction":[{"@type":"ReadAction","target":["https:\/\/www.bike-guides.de\/index.php\/2023\/07\/28\/teil-9-rueckreise-und-fazit\/"]}]},{"@type":"ImageObject","inLanguage":"de","@id":"https:\/\/www.bike-guides.de\/index.php\/2023\/07\/28\/teil-9-rueckreise-und-fazit\/#primaryimage","url":"https:\/\/www.bike-guides.de\/wp-content\/uploads\/2023\/07\/Titel-2.jpg","contentUrl":"https:\/\/www.bike-guides.de\/wp-content\/uploads\/2023\/07\/Titel-2.jpg","width":2000,"height":1158,"caption":"Fahrrad am Ufer des Gardasees in Torbole vor Steilk\u00fcste"},{"@type":"BreadcrumbList","@id":"https:\/\/www.bike-guides.de\/index.php\/2023\/07\/28\/teil-9-rueckreise-und-fazit\/#breadcrumb","itemListElement":[{"@type":"ListItem","position":1,"name":"Startseite","item":"https:\/\/www.bike-guides.de\/"},{"@type":"ListItem","position":2,"name":"Teil 9: R\u00fcckreise und Fazit"}]},{"@type":"WebSite","@id":"https:\/\/www.bike-guides.de\/#website","url":"https:\/\/www.bike-guides.de\/","name":"Bike-Guides Weinheim","description":"Gef\u00fchrte Touren und Events mit dem E-Mountainbike im Odenwald","publisher":{"@id":"https:\/\/www.bike-guides.de\/#organization"},"potentialAction":[{"@type":"SearchAction","target":{"@type":"EntryPoint","urlTemplate":"https:\/\/www.bike-guides.de\/?s={search_term_string}"},"query-input":{"@type":"PropertyValueSpecification","valueRequired":true,"valueName":"search_term_string"}}],"inLanguage":"de"},{"@type":"Organization","@id":"https:\/\/www.bike-guides.de\/#organization","name":"Bike-Guides Weinheim","url":"https:\/\/www.bike-guides.de\/","logo":{"@type":"ImageObject","inLanguage":"de","@id":"https:\/\/www.bike-guides.de\/#\/schema\/logo\/image\/","url":"https:\/\/www.bike-guides.de\/wp-content\/uploads\/2022\/10\/cropped-logo-wei-wei.png","contentUrl":"https:\/\/www.bike-guides.de\/wp-content\/uploads\/2022\/10\/cropped-logo-wei-wei.png","width":313,"height":250,"caption":"Bike-Guides Weinheim"},"image":{"@id":"https:\/\/www.bike-guides.de\/#\/schema\/logo\/image\/"}},{"@type":"Person","@id":"https:\/\/www.bike-guides.de\/#\/schema\/person\/b07147582d70a37352e01d7136769651","name":"Andreas","image":{"@type":"ImageObject","inLanguage":"de","@id":"https:\/\/www.bike-guides.de\/wp-content\/uploads\/2022\/10\/cropped-favicon-gr-e1665173137910-96x96.jpg","url":"https:\/\/www.bike-guides.de\/wp-content\/uploads\/2022\/10\/cropped-favicon-gr-e1665173137910-96x96.jpg","contentUrl":"https:\/\/www.bike-guides.de\/wp-content\/uploads\/2022\/10\/cropped-favicon-gr-e1665173137910-96x96.jpg","caption":"Andreas"},"sameAs":["https:\/\/www.bike-guides.de"],"url":"https:\/\/www.bike-guides.de\/index.php\/author\/apatolla_2wy5gpqk\/"}]}},"jetpack_sharing_enabled":true,"jetpack_featured_media_url":"https:\/\/www.bike-guides.de\/wp-content\/uploads\/2023\/07\/Titel-2.jpg","_links":{"self":[{"href":"https:\/\/www.bike-guides.de\/index.php\/wp-json\/wp\/v2\/posts\/2224","targetHints":{"allow":["GET"]}}],"collection":[{"href":"https:\/\/www.bike-guides.de\/index.php\/wp-json\/wp\/v2\/posts"}],"about":[{"href":"https:\/\/www.bike-guides.de\/index.php\/wp-json\/wp\/v2\/types\/post"}],"author":[{"embeddable":true,"href":"https:\/\/www.bike-guides.de\/index.php\/wp-json\/wp\/v2\/users\/1"}],"replies":[{"embeddable":true,"href":"https:\/\/www.bike-guides.de\/index.php\/wp-json\/wp\/v2\/comments?post=2224"}],"version-history":[{"count":79,"href":"https:\/\/www.bike-guides.de\/index.php\/wp-json\/wp\/v2\/posts\/2224\/revisions"}],"predecessor-version":[{"id":2627,"href":"https:\/\/www.bike-guides.de\/index.php\/wp-json\/wp\/v2\/posts\/2224\/revisions\/2627"}],"wp:featuredmedia":[{"embeddable":true,"href":"https:\/\/www.bike-guides.de\/index.php\/wp-json\/wp\/v2\/media\/2230"}],"wp:attachment":[{"href":"https:\/\/www.bike-guides.de\/index.php\/wp-json\/wp\/v2\/media?parent=2224"}],"wp:term":[{"taxonomy":"category","embeddable":true,"href":"https:\/\/www.bike-guides.de\/index.php\/wp-json\/wp\/v2\/categories?post=2224"},{"taxonomy":"post_tag","embeddable":true,"href":"https:\/\/www.bike-guides.de\/index.php\/wp-json\/wp\/v2\/tags?post=2224"}],"curies":[{"name":"wp","href":"https:\/\/api.w.org\/{rel}","templated":true}]}}