{"id":1799,"date":"2023-07-25T18:05:59","date_gmt":"2023-07-25T16:05:59","guid":{"rendered":"https:\/\/www.bike-guides.de\/?p=1799"},"modified":"2023-08-03T13:09:35","modified_gmt":"2023-08-03T11:09:35","slug":"teil-6-un-ruhetag-nicht-nur-am-kalterer-see","status":"publish","type":"post","link":"https:\/\/www.bike-guides.de\/index.php\/2023\/07\/25\/teil-6-un-ruhetag-nicht-nur-am-kalterer-see\/","title":{"rendered":"Teil 6: (Un-) Ruhetag nicht nur am Kalterer See"},"content":{"rendered":"\n<h2 class=\"wp-block-heading\" style=\"font-size:18px;font-style:normal;font-weight:600\"><strong>Alpen\u00fcberquerung von F\u00fcssen zum Gardasee<\/strong><\/h2>\n\n\n\n<!--more-->\n\n\n\n<p class=\"has-small-font-size\">(Titelfoto: Roland Gogolok)<\/p>\n\n\n<style>#sp-ea-2206 .spcollapsing { height: 0; overflow: hidden; transition-property: height;transition-duration: 300ms;}#sp-ea-2206{ position: relative; }#sp-ea-2206 .ea-card{ opacity: 0;}#eap-preloader-2206{ position: absolute; left: 0; top: 0; height: 100%;width: 100%; text-align: center;display: flex; align-items: center;justify-content: center;}#sp-ea-2206.sp-easy-accordion>.sp-ea-single {margin-bottom: 10px; border: 2px solid #e2e2e2; }#sp-ea-2206.sp-easy-accordion>.sp-ea-single>.ea-header a {color: #444;}#sp-ea-2206.sp-easy-accordion>.sp-ea-single>.sp-collapse>.ea-body {background: #fff; color: #444;}#sp-ea-2206.sp-easy-accordion>.sp-ea-single {background: #abb8c3;}#sp-ea-2206.sp-easy-accordion>.sp-ea-single>.ea-header a .ea-expand-icon { float: left; color: #444;font-size: 16px;}<\/style><div id=\"sp_easy_accordion-1690517922\">\n<div id=\"sp-ea-2206\" class=\"sp-ea-one sp-easy-accordion\" data-ex-icon=\"minus\" data-col-icon=\"plus\" data-ea-active=\"ea-click\" data-ea-mode=\"vertical\" data-preloader=\"1\" data-scroll-active-item=\"\" data-offset-to-scroll=\"0\">\n\t<div id=\"eap-preloader-2206\" class=\"accordion-preloader\">\n\t\t<img decoding=\"async\" src=\"https:\/\/www.bike-guides.de\/wp-content\/plugins\/easy-accordion-free\/public\/assets\/ea_loader.svg\" alt=\"Loader image\"\/>\n\t<\/div>\n\t\t<!-- Start accordion card div. -->\n\t<div class=\"ea-card  sp-ea-single\">\n\t\t<!-- Start accordion header. -->\n\t\t<h3 class=\"ea-header\">\n\t\t\t<!-- Add anchor tag for header. -->\n\t\t\t<a class=\"collapsed\" id=\"ea-header-22060\" data-sptoggle=\"spcollapse\" data-sptarget=\"#collapse22060\" aria-controls=\"collapse22060\" href=\"#\"  aria-expanded=\"false\" tabindex=\"0\">\n\t\t\t<i class=\"ea-expand-icon ea-icon-expand-plus\"><\/i> Alle Berichte aus der Reihe\t\t\t<\/a> <!-- Close anchor tag for header. -->\n\t\t<\/h3>\t<!-- Close header tag. -->\n\t\t<!-- Start collapsible content div. -->\n\t\t<div class=\"sp-collapse spcollapse spcollapse\" id=\"collapse22060\" data-parent=\"#sp-ea-2206\" role=\"region\" aria-labelledby=\"ea-header-22060\">  <!-- Content div. -->\n\t\t\t<div class=\"ea-body\">\n\t\t\t<p><a href=\"https:\/\/www.bike-guides.de\/index.php\/2023\/07\/20\/alpenueberquerung-von-fuessen-bis-zum-gardasee\/\">Teil 1: Planung und Organisation<\/a><br \/>\n<a href=\"https:\/\/www.bike-guides.de\/index.php\/2023\/07\/21\/teil-2-ueber-den-alpsee-und-fernpass-nach-imst\/\">Teil 2: \u00dcber den Alpsee und Fernpass nach Imst<\/a><br \/>\n<a href=\"https:\/\/www.bike-guides.de\/index.php\/2023\/07\/22\/teil-3-regeneratives-ausschuetteln-der-beine-zwischen-imst-und-pfunds\/\">Teil 3: Regeneratives Aussch\u00fctteln der Beine zwischen Imst und Pfunds<\/a><br \/>\n<a href=\"https:\/\/www.bike-guides.de\/index.php\/2023\/07\/23\/teil-4-ueber-wilde-grenzen-und-schwarze-loecher-auf-das-dach-der-tour\/\">Teil 4: \u00dcber wilde Grenzen und schwarze L\u00f6cher auf das Dach der Tour<\/a><br \/>\n<a href=\"https:\/\/www.bike-guides.de\/index.php\/2023\/07\/24\/teil-5-von-laas-ueber-meran-an-den-kalterer-see-spaetstart-in-die-laengste-etappe\/\">Teil 5: Von Laas \u00fcber Meran an den Kalterer See<\/a><br \/>\n<a href=\"https:\/\/www.bike-guides.de\/index.php\/2023\/07\/25\/teil-6-un-ruhetag-nicht-nur-am-kalterer-see\/\">Teil 6: (Un-)Ruhetag nicht nur am Kalterer See<\/a><br \/>\n<a href=\"https:\/\/www.bike-guides.de\/index.php\/2023\/07\/26\/teil-7-durch-das-tor-des-suedens-kurz-vor-dem-sprung-zum-finale\/\">Teil 7: Durch das Tor des S\u00fcdens kurz vor dem Sprung zum Finale<\/a><br \/>\n<a href=\"https:\/\/www.bike-guides.de\/index.php\/2023\/07\/27\/teil-8-vom-gardasee-ueberwaeltigt\/\">Teil 8: Vom Gardasee \u00fcberw\u00e4ltigt<\/a><br \/>\n<a href=\"https:\/\/www.bike-guides.de\/index.php\/2023\/07\/28\/teil-9-rueckreise-und-fazit\/\">Teil 9: R\u00fcckreise und Fazit<\/a><\/p>\n\t\t\t<\/div> <!-- Close content div. -->\n\t\t<\/div> <!-- Close collapse div. -->\n\t<\/div> <!-- Close card div. -->\n\t<\/div>\n<\/div>\n\n\n\n\n<p>Schon beim &#8222;Landeanflug&#8220; auf unsere Kurzzeitheimat auf dieser Reise, einer rasanten Abfahrt \u00fcber die Weinberge, ahnten wir: Ja hier kann man es aushalten. Der Erholungs- und Ruhetag unserer Alpen\u00fcberquerung sollte hier stattfinden. Ausnahmsweise waren hier zwei \u00dcbernachtungen f\u00fcr uns gebucht.<\/p>\n\n\n\n<figure class=\"wp-block-image size-large\"><a href=\"https:\/\/www.bike-guides.de\/index.php\/2023\/07\/25\/teil-6-un-ruhetag-nicht-nur-am-kalterer-see\/idyylesee\/\" target=\"_blank\" rel=\"noreferrer noopener\"><img loading=\"lazy\" decoding=\"async\" width=\"1024\" height=\"663\" src=\"https:\/\/www.bike-guides.de\/wp-content\/uploads\/2023\/07\/Idyylesee-1024x663.jpg\" alt=\"Idyllischer Hof am Kalterer See\" class=\"wp-image-1829\" srcset=\"https:\/\/www.bike-guides.de\/wp-content\/uploads\/2023\/07\/Idyylesee-1024x663.jpg 1024w, https:\/\/www.bike-guides.de\/wp-content\/uploads\/2023\/07\/Idyylesee-300x194.jpg 300w, https:\/\/www.bike-guides.de\/wp-content\/uploads\/2023\/07\/Idyylesee-768x498.jpg 768w, https:\/\/www.bike-guides.de\/wp-content\/uploads\/2023\/07\/Idyylesee.jpg 1113w\" sizes=\"auto, (max-width: 767px) 89vw, (max-width: 1000px) 54vw, (max-width: 1071px) 543px, 580px\" \/><\/a><figcaption class=\"wp-element-caption\">(Foto: Roland Gogolok)<\/figcaption><\/figure>\n\n\n\n<h3 class=\"wp-block-heading\"><strong>Idylle mit hohem Erholungswert<\/strong><\/h3>\n\n\n\n<p>Tats\u00e4chlich wurden wir nicht entt\u00e4uscht. Die Umgebung bietet alles, was man braucht um es sich gut gehen zu lassen: <a href=\"https:\/\/www.gretlamsee.com\/de\/see\/\">ein gepflegtes Seebad<\/a>, gute Gastronomie und trotz Bekanntheit \u00fcberschaubarer Trubel. Das mag daran liegen, dass direkt am See \u00fcberdimensionale Bettenburgen ebenso fehlen, wie gro\u00dfe \u00f6ffentlich zug\u00e4ngliche Badestr\u00e4nde mit Gratiszugang.<\/p>\n\n\n\n<figure class=\"wp-block-image size-large\"><a href=\"https:\/\/www.bike-guides.de\/index.php\/2023\/07\/25\/teil-6-un-ruhetag-nicht-nur-am-kalterer-see\/bad-kalterer-see\/\" target=\"_blank\" rel=\"noreferrer noopener\"><img loading=\"lazy\" decoding=\"async\" width=\"1024\" height=\"592\" src=\"https:\/\/www.bike-guides.de\/wp-content\/uploads\/2023\/07\/Bad-Kalterer-See-1024x592.jpg\" alt=\"Badestrand mit Steg am Kalterer See\" class=\"wp-image-1805\" srcset=\"https:\/\/www.bike-guides.de\/wp-content\/uploads\/2023\/07\/Bad-Kalterer-See-1024x592.jpg 1024w, https:\/\/www.bike-guides.de\/wp-content\/uploads\/2023\/07\/Bad-Kalterer-See-300x173.jpg 300w, https:\/\/www.bike-guides.de\/wp-content\/uploads\/2023\/07\/Bad-Kalterer-See-768x444.jpg 768w, https:\/\/www.bike-guides.de\/wp-content\/uploads\/2023\/07\/Bad-Kalterer-See.jpg 1247w\" sizes=\"auto, (max-width: 767px) 89vw, (max-width: 1000px) 54vw, (max-width: 1071px) 543px, 580px\" \/><\/a><figcaption class=\"wp-element-caption\">Sehr gepflegtes Strandbad am Kalterer See (Foto: Roland Gogolok)<\/figcaption><\/figure>\n\n\n\n<figure class=\"wp-block-image size-large\"><a href=\"https:\/\/www.bike-guides.de\/index.php\/2023\/07\/25\/teil-6-un-ruhetag-nicht-nur-am-kalterer-see\/fische\/\" target=\"_blank\" rel=\"noreferrer noopener\"><img loading=\"lazy\" decoding=\"async\" width=\"1024\" height=\"701\" src=\"https:\/\/www.bike-guides.de\/wp-content\/uploads\/2023\/07\/Fische-1024x701.jpg\" alt=\"Gro\u00dfe Fische im Kalterer See\" class=\"wp-image-1808\" srcset=\"https:\/\/www.bike-guides.de\/wp-content\/uploads\/2023\/07\/Fische-1024x701.jpg 1024w, https:\/\/www.bike-guides.de\/wp-content\/uploads\/2023\/07\/Fische-300x205.jpg 300w, https:\/\/www.bike-guides.de\/wp-content\/uploads\/2023\/07\/Fische-768x526.jpg 768w, https:\/\/www.bike-guides.de\/wp-content\/uploads\/2023\/07\/Fische.jpg 1052w\" sizes=\"auto, (max-width: 767px) 89vw, (max-width: 1000px) 54vw, (max-width: 1071px) 543px, 580px\" \/><\/a><figcaption class=\"wp-element-caption\">Die wollen nur spielen: Auch den Fischen scheint es hier wirklich gut zu gehen (Foto: Roland Gogolok)<\/figcaption><\/figure>\n\n\n\n<p>Sowohl bei unserer Unterkunft als auch auf dem nahen Campingplatz direkt am Seeufer waren Eintrittskarten zum Seebad, bzw. ein eigenes Seegrundst\u00fcck f\u00fcr die G\u00e4ste inkludiert, andernfalls f\u00e4llt der Eintritt mit 8,-\u20ac recht happig f\u00fcr einen See aus. Mir scheint das Teil der Strategie zu sein. Man m\u00f6chte in gewisser Weise exklusiv bleiben und keine Massen von Tagesg\u00e4sten anziehen. Der See &#8222;geh\u00f6rt&#8220; den G\u00e4sten mit Unterkunft vor Ort.<\/p>\n\n\n\n<h3 class=\"wp-block-heading\"><strong>Entdeckungsdrang schl\u00e4gt Tr\u00e4gheit und Wetterbedenken<\/strong><\/h3>\n\n\n\n<p>Die Gro\u00dfwetterlage war nach den Unwettern der letzten Tage immer noch in starker Unruhe. Auch w\u00e4hrend der Nacht hatte es bei uns wieder Gewitter und Regen, in nicht allzu gro\u00dfer Entfernung sogar wieder handfeste Unwetter gegeben. Die kurzzeitige Prognose war nicht wirklich aussagef\u00e4hig &#8211; es schien alles m\u00f6glich. Also zun\u00e4chst langes Fr\u00fchst\u00fcck, je nach Lust und Laune gingen die einen schwimmen, die anderen faulenzten. <\/p>\n\n\n<div class=\"wp-block-image\">\n<figure class=\"aligncenter size-large\"><a href=\"https:\/\/www.bike-guides.de\/index.php\/2023\/07\/25\/teil-6-un-ruhetag-nicht-nur-am-kalterer-see\/sylvia_montiggler\/\" target=\"_blank\" rel=\"noreferrer noopener\"><img loading=\"lazy\" decoding=\"async\" width=\"1024\" height=\"791\" src=\"https:\/\/www.bike-guides.de\/wp-content\/uploads\/2023\/07\/Sylvia_montiggler-1024x791.jpg\" alt=\"Fahrradfahrerin vor Panorama vom Montiggler See\" class=\"wp-image-1815\" srcset=\"https:\/\/www.bike-guides.de\/wp-content\/uploads\/2023\/07\/Sylvia_montiggler-1024x791.jpg 1024w, https:\/\/www.bike-guides.de\/wp-content\/uploads\/2023\/07\/Sylvia_montiggler-300x232.jpg 300w, https:\/\/www.bike-guides.de\/wp-content\/uploads\/2023\/07\/Sylvia_montiggler-768x593.jpg 768w, https:\/\/www.bike-guides.de\/wp-content\/uploads\/2023\/07\/Sylvia_montiggler-1536x1186.jpg 1536w, https:\/\/www.bike-guides.de\/wp-content\/uploads\/2023\/07\/Sylvia_montiggler.jpg 1749w\" sizes=\"auto, (max-width: 767px) 89vw, (max-width: 1000px) 54vw, (max-width: 1071px) 543px, 580px\" \/><\/a><figcaption class=\"wp-element-caption\">Felsplateau mit Aussicht auf den gro\u00dfen Montiggler See (Foto: Norbert Widera)<\/figcaption><\/figure>\n<\/div>\n\n\n<p>Gegen Mittag begann gef\u00fchlt die Erholung mich anzustrengen. Das Wetter wusste immer noch nicht was es wollte &#8211; dennoch brachen vier aus der Gruppe, mich eingeschlossen zu einer kleinen Erkundungsfahrt zu den nahen <a href=\"https:\/\/www.suedtirolerland.it\/de\/highlights\/natur-und-landschaft\/seen-in-suedtirol\/montiggler-seen\/\">Montiggler Seen<\/a> mit den Fahrr\u00e4dern auf. <\/p>\n\n\n\n<p class=\"has-text-align-center has-background\" style=\"background-color:#f7e9ee\">Zus\u00e4tzliche Info:<br><a href=\"https:\/\/www.peer.tv\/de\/video\/montiggler-wald-radtour?pk_campaign=player\" target=\"_blank\" rel=\"noreferrer noopener\">Video: MTB-Tour an den Montiggler Seen<\/a><br><a href=\"https:\/\/www.peer.tv\/de\/video\/badevergnuegen-in-montiggl\">Video: Badevergn\u00fcgen an den Montiggler Seen<\/a><\/p>\n\n\n\n<p>Diese liegen in f\u00fcr einen eigentlichen Ruhetag mit knappen 7 km und ca. 300 Hm aufw\u00e4rts in vertretbarer Schlagdistanz. Nach viel Asphalt meine ich gesp\u00fcrt zu haben, dass mein Mountainbike sich nach artgerechter Haltung auf leichten Trails sehnt &#8211; perfekt, nichts wie hin. <\/p>\n\n\n<div class=\"wp-block-image\">\n<figure class=\"aligncenter size-large\"><a href=\"https:\/\/www.bike-guides.de\/index.php\/2023\/07\/25\/teil-6-un-ruhetag-nicht-nur-am-kalterer-see\/norbert-im-see\/\" target=\"_blank\" rel=\"noreferrer noopener\"><img loading=\"lazy\" decoding=\"async\" width=\"768\" height=\"1024\" src=\"https:\/\/www.bike-guides.de\/wp-content\/uploads\/2023\/07\/Norbert-im-see-768x1024.jpg\" alt=\"Radfahrer balanciert auf Felsen im Montiggler See\" class=\"wp-image-1817\" srcset=\"https:\/\/www.bike-guides.de\/wp-content\/uploads\/2023\/07\/Norbert-im-see-768x1024.jpg 768w, https:\/\/www.bike-guides.de\/wp-content\/uploads\/2023\/07\/Norbert-im-see-225x300.jpg 225w, https:\/\/www.bike-guides.de\/wp-content\/uploads\/2023\/07\/Norbert-im-see-1152x1536.jpg 1152w, https:\/\/www.bike-guides.de\/wp-content\/uploads\/2023\/07\/Norbert-im-see-1536x2048.jpg 1536w, https:\/\/www.bike-guides.de\/wp-content\/uploads\/2023\/07\/Norbert-im-see-scaled.jpg 1920w\" sizes=\"auto, (max-width: 767px) 89vw, (max-width: 1000px) 54vw, (max-width: 1071px) 543px, 580px\" \/><\/a><figcaption class=\"wp-element-caption\">Macht geringe Auslastung leichtsinnig? Man wei\u00df es nicht&#8230;<\/figcaption><\/figure>\n<\/div>\n\n\n<p>Der routinierte Blick auf das Regenradar auf dem Handy zeigte nun dann doch relativ eindeutig zumindest ein gewisses Risiko f\u00fcr ein ordentliches Gewitter mit Starkregen an. Die kalkulierte stabile Phase davor nutzen wir f\u00fcr eine Seeumrundung auf wirklich sch\u00f6nen Pfaden, zumindest teilweise mit Trailcharakter, bevor wir uns auf den Weg zur\u00fcck zu unserer Unterkunft machten<\/p>\n\n\n<div class=\"wp-block-image\">\n<figure class=\"aligncenter size-large\"><a href=\"https:\/\/www.bike-guides.de\/index.php\/2023\/07\/25\/teil-6-un-ruhetag-nicht-nur-am-kalterer-see\/gruupe-montiigl\/\" target=\"_blank\" rel=\"noreferrer noopener\"><img loading=\"lazy\" decoding=\"async\" width=\"1024\" height=\"768\" src=\"https:\/\/www.bike-guides.de\/wp-content\/uploads\/2023\/07\/Gruupe-Montiigl-1024x768.jpg\" alt=\"Gruppe Fahrradfahrer vor Montiggler See\" class=\"wp-image-1819\" srcset=\"https:\/\/www.bike-guides.de\/wp-content\/uploads\/2023\/07\/Gruupe-Montiigl-1024x768.jpg 1024w, https:\/\/www.bike-guides.de\/wp-content\/uploads\/2023\/07\/Gruupe-Montiigl-300x225.jpg 300w, https:\/\/www.bike-guides.de\/wp-content\/uploads\/2023\/07\/Gruupe-Montiigl-768x576.jpg 768w, https:\/\/www.bike-guides.de\/wp-content\/uploads\/2023\/07\/Gruupe-Montiigl-1536x1152.jpg 1536w, https:\/\/www.bike-guides.de\/wp-content\/uploads\/2023\/07\/Gruupe-Montiigl-2048x1536.jpg 2048w\" sizes=\"auto, (max-width: 767px) 89vw, (max-width: 1000px) 54vw, (max-width: 1071px) 543px, 580px\" \/><\/a><\/figure>\n<\/div>\n\n<div class=\"wp-block-image\">\n<figure class=\"aligncenter size-large\"><a href=\"https:\/\/www.bike-guides.de\/index.php\/2023\/07\/25\/teil-6-un-ruhetag-nicht-nur-am-kalterer-see\/lido-montiggl\/\" target=\"_blank\" rel=\"noreferrer noopener\"><img loading=\"lazy\" decoding=\"async\" width=\"1024\" height=\"768\" src=\"https:\/\/www.bike-guides.de\/wp-content\/uploads\/2023\/07\/Lido-Montiggl-1024x768.jpg\" alt=\"Paddelboard im Montiggler See\" class=\"wp-image-1820\" srcset=\"https:\/\/www.bike-guides.de\/wp-content\/uploads\/2023\/07\/Lido-Montiggl-1024x768.jpg 1024w, https:\/\/www.bike-guides.de\/wp-content\/uploads\/2023\/07\/Lido-Montiggl-300x225.jpg 300w, https:\/\/www.bike-guides.de\/wp-content\/uploads\/2023\/07\/Lido-Montiggl-768x576.jpg 768w, https:\/\/www.bike-guides.de\/wp-content\/uploads\/2023\/07\/Lido-Montiggl-1536x1152.jpg 1536w\" sizes=\"auto, (max-width: 767px) 89vw, (max-width: 1000px) 54vw, (max-width: 1071px) 543px, 580px\" \/><\/a><figcaption class=\"wp-element-caption\">Boote am Lido \/ Gro\u00dfer Montiggler See (Foto 2x: Norbert Widera)<\/figcaption><\/figure>\n<\/div>\n\n\n<figure class=\"wp-block-image size-large\"><a href=\"https:\/\/www.bike-guides.de\/index.php\/2023\/07\/25\/teil-6-un-ruhetag-nicht-nur-am-kalterer-see\/steg-montigglersee\/\" target=\"_blank\" rel=\"noreferrer noopener\"><img loading=\"lazy\" decoding=\"async\" width=\"768\" height=\"1024\" src=\"https:\/\/www.bike-guides.de\/wp-content\/uploads\/2023\/07\/Steg-Montigglersee-768x1024.jpg\" alt=\"Boote am Steg im Montiggler See\" class=\"wp-image-1894\" srcset=\"https:\/\/www.bike-guides.de\/wp-content\/uploads\/2023\/07\/Steg-Montigglersee-768x1024.jpg 768w, https:\/\/www.bike-guides.de\/wp-content\/uploads\/2023\/07\/Steg-Montigglersee-225x300.jpg 225w, https:\/\/www.bike-guides.de\/wp-content\/uploads\/2023\/07\/Steg-Montigglersee.jpg 1000w\" sizes=\"auto, (max-width: 767px) 89vw, (max-width: 1000px) 54vw, (max-width: 1071px) 543px, 580px\" \/><\/a><figcaption class=\"wp-element-caption\">Steg am gro\u00dfen Montiggler See (Foto: Susanne Kratzer)<\/figcaption><\/figure>\n\n\n\n<h3 class=\"wp-block-heading\"><strong>Erholung &#8211; auch von Sonne und Hitze<\/strong><\/h3>\n\n\n\n<p>Die Fotos m\u00f6gen d\u00fcster und etwas tr\u00fcb wirken &#8211; tats\u00e4chlich war das als Pause nach st\u00e4ndiger starker Hitze  und ununterbrochener Sonnenbestrahlung als Abwechslung sehr angenehm. Die paar Regentropfen, die uns bei der R\u00fcckfahrt dann doch noch erwischten, empfand ich tats\u00e4chlich sogar sehr erfrischend, so dass ich auf den Regenschutz verzichtete. Die Intensit\u00e4t reichte ohnehin nicht zum Durchn\u00e4ssen der Fahrradtextilien aus.<\/p>\n\n\n<div class=\"wp-block-image\">\n<figure class=\"aligncenter size-large\"><a href=\"https:\/\/www.bike-guides.de\/index.php\/2023\/07\/25\/teil-6-un-ruhetag-nicht-nur-am-kalterer-see\/regen_linmse\/\" target=\"_blank\" rel=\"noreferrer noopener\"><img loading=\"lazy\" decoding=\"async\" width=\"1024\" height=\"576\" src=\"https:\/\/www.bike-guides.de\/wp-content\/uploads\/2023\/07\/Regen_linmse-1024x576.jpg\" alt=\"Weg durch Weinberge mit Blick auf Berg\" class=\"wp-image-1822\" srcset=\"https:\/\/www.bike-guides.de\/wp-content\/uploads\/2023\/07\/Regen_linmse-1024x576.jpg 1024w, https:\/\/www.bike-guides.de\/wp-content\/uploads\/2023\/07\/Regen_linmse-300x169.jpg 300w, https:\/\/www.bike-guides.de\/wp-content\/uploads\/2023\/07\/Regen_linmse-768x432.jpg 768w, https:\/\/www.bike-guides.de\/wp-content\/uploads\/2023\/07\/Regen_linmse-1536x864.jpg 1536w, https:\/\/www.bike-guides.de\/wp-content\/uploads\/2023\/07\/Regen_linmse-2048x1152.jpg 2048w\" sizes=\"auto, (max-width: 767px) 89vw, (max-width: 1000px) 54vw, (max-width: 1071px) 543px, 580px\" \/><\/a><figcaption class=\"wp-element-caption\">Erste Regentropfen fallen auf die Linse der Kamera<\/figcaption><\/figure>\n<\/div>\n\n\n<p>Gerne h\u00e4tte ich die beiden Montiggler Seen noch weiter erkundet &#8211; aber es muss ja auch Gr\u00fcnde f\u00fcr einen erneute Reise dorthin geben. Der kleine Trip hat uns jedenfalls Appetit auf mehr gemacht, womit auch das Stichwort f\u00fcr das Abendprogramm dieses Tages gefallen w\u00e4re.  <\/p>\n\n\n\n<h3 class=\"wp-block-heading\"><strong>Aussichtsreicher Kulinarischer Tagesabschluss<\/strong><\/h3>\n\n\n\n<p>Das Wetter beruhigte sich zum Abend wieder der Himmel war fast wolkenlos, so dass wir den Tag auf einer wundersch\u00f6n gelegenen <a href=\"https:\/\/www.seehofkeller.com\/de\/\" target=\"_blank\" rel=\"noreferrer noopener\">Terrasse<\/a> bei einem extrem leckeren gemeinsamen Essen beenden konnten. Mit einzigartigem Blick \u00fcber den sanften Talkessel des Kalterer Sees und das gegen\u00fcberliegende Bergmassiv speisten wir hervorragend in den Abend und den Sonnenuntergang hinein.<\/p>\n\n\n\n<p>So geht Erholung.<\/p>\n\n\n\n<figure class=\"wp-block-gallery has-nested-images columns-default is-cropped wp-block-gallery-1 is-layout-flex wp-block-gallery-is-layout-flex\">\n<figure class=\"wp-block-image size-large\"><a href=\"https:\/\/www.bike-guides.de\/index.php\/2023\/07\/25\/teil-6-un-ruhetag-nicht-nur-am-kalterer-see\/essen2\/\" target=\"_blank\" rel=\"noreferrer noopener\"><img loading=\"lazy\" decoding=\"async\" width=\"768\" height=\"1024\" data-id=\"1823\" src=\"https:\/\/www.bike-guides.de\/wp-content\/uploads\/2023\/07\/Essen2-768x1024.jpg\" alt=\"Wein vor Bergpanorama am Kalterer See\" class=\"wp-image-1823\" srcset=\"https:\/\/www.bike-guides.de\/wp-content\/uploads\/2023\/07\/Essen2-768x1024.jpg 768w, https:\/\/www.bike-guides.de\/wp-content\/uploads\/2023\/07\/Essen2-225x300.jpg 225w, https:\/\/www.bike-guides.de\/wp-content\/uploads\/2023\/07\/Essen2.jpg 800w\" sizes=\"auto, (max-width: 767px) 89vw, (max-width: 1000px) 54vw, (max-width: 1071px) 543px, 580px\" \/><\/a><\/figure>\n\n\n\n<figure class=\"wp-block-image size-large\"><a href=\"https:\/\/www.bike-guides.de\/index.php\/2023\/07\/25\/teil-6-un-ruhetag-nicht-nur-am-kalterer-see\/esssen\/\" target=\"_blank\" rel=\"noreferrer noopener\"><img loading=\"lazy\" decoding=\"async\" width=\"600\" height=\"800\" data-id=\"1825\" src=\"https:\/\/www.bike-guides.de\/wp-content\/uploads\/2023\/07\/Esssen.jpg\" alt=\"Essen vor Weinberge im Abendlicht am Kalterer See\" class=\"wp-image-1825\" srcset=\"https:\/\/www.bike-guides.de\/wp-content\/uploads\/2023\/07\/Esssen.jpg 600w, https:\/\/www.bike-guides.de\/wp-content\/uploads\/2023\/07\/Esssen-225x300.jpg 225w\" sizes=\"auto, (max-width: 600px) 100vw, 600px\" \/><\/a><\/figure>\n\n\n\n<figure class=\"wp-block-image size-large\"><a href=\"https:\/\/www.bike-guides.de\/index.php\/2023\/07\/25\/teil-6-un-ruhetag-nicht-nur-am-kalterer-see\/terasse1\/\" target=\"_blank\" rel=\"noreferrer noopener\"><img loading=\"lazy\" decoding=\"async\" width=\"1000\" height=\"563\" data-id=\"1824\" src=\"https:\/\/www.bike-guides.de\/wp-content\/uploads\/2023\/07\/Terasse1.jpg\" alt=\"Abendstimmung auf der Terasse eines Restaurants\" class=\"wp-image-1824\" srcset=\"https:\/\/www.bike-guides.de\/wp-content\/uploads\/2023\/07\/Terasse1.jpg 1000w, https:\/\/www.bike-guides.de\/wp-content\/uploads\/2023\/07\/Terasse1-300x169.jpg 300w, https:\/\/www.bike-guides.de\/wp-content\/uploads\/2023\/07\/Terasse1-768x432.jpg 768w\" sizes=\"auto, (max-width: 767px) 89vw, (max-width: 1000px) 54vw, (max-width: 1071px) 543px, 580px\" \/><\/a><\/figure>\n<\/figure>\n\n\n\n<p><strong>Leichte Wehmut kommt auf<\/strong><\/p>\n\n\n\n<p>Diese Gegend hat uns ausnehmend gut gefallen, hier k\u00f6nnte man es gut f\u00fcr eine Weile aushalten. Wir sind uns einig: Wir kommen wieder und bringen dann mehr Zeit mit. Es ist einer dieser Orte mit guten Schwingungen, die ohne die ganz gro\u00dfen Superlative einfach eine beruhigende Harmonie ausstrahlen, viel bieten ohne aufzudr\u00e4ngen. Wir waren alle angetan.<\/p>\n\n\n\n<p>Aber f\u00fcr jetzt muss unser aktuelles Projekt weitergehen &#8211; mit Trento, einer sehenswerten Stadt und Namensgeber der italienischen Provinz geht es unter anderem im n\u00e4chsten Teil unseres Reiseberichts weiter.<\/p>\n\n\n\n<p>Hier geht es weiter mit dem n\u00e4chsten Teil:<br><a href=\"https:\/\/www.bike-guides.de\/index.php\/2023\/07\/26\/teil-7-durch-das-tor-des-suedens-kurz-vor-dem-sprung-zum-finale\/\">Teil 7: Durch das Tor des S\u00fcdens kurz vor dem Sprung zum Finale<\/a><\/p>\n\n\n\n<p>Vorheriger Beitrag:<br><a href=\"https:\/\/www.bike-guides.de\/index.php\/2023\/07\/24\/teil-5-von-laas-ueber-meran-an-den-kalterer-see-spaetstart-in-die-laengste-etappe\/\">Teil 5: Von Laas \u00fcber Meran an den Kalterer See \u2013 Sp\u00e4tstart in die l\u00e4ngste Etappe<\/a><\/p>\n\n\n<div class=\"wp-block-image\">\n<figure class=\"alignleft size-full\"><a href=\"https:\/\/www.bike-guides.de\"><img loading=\"lazy\" decoding=\"async\" width=\"200\" height=\"257\" src=\"https:\/\/www.bike-guides.de\/wp-content\/uploads\/2022\/10\/Motto-Logo-e1665597120190.png\" alt=\"Logo Bike-Guides\" class=\"wp-image-189\"\/><\/a><\/figure>\n<\/div>","protected":false},"excerpt":{"rendered":"<p>Alpen\u00fcberquerung von F\u00fcssen zum Gardasee<\/p>\n","protected":false},"author":1,"featured_media":1803,"comment_status":"open","ping_status":"closed","sticky":false,"template":"","format":"standard","meta":{"jetpack_post_was_ever_published":false,"_jetpack_newsletter_access":"","_jetpack_dont_email_post_to_subs":false,"_jetpack_newsletter_tier_id":0,"_jetpack_memberships_contains_paywalled_content":false,"_jetpack_memberships_contains_paid_content":false,"footnotes":""},"categories":[12],"tags":[42,41,44],"class_list":["post-1799","post","type-post","status-publish","format-standard","has-post-thumbnail","hentry","category-berichte-touren-e-mountainbike","tag-alpencross","tag-alpenueberquerung","tag-via-claudia-augusta"],"yoast_head":"<!-- This site is optimized with the Yoast SEO plugin v27.5 - https:\/\/yoast.com\/product\/yoast-seo-wordpress\/ -->\n<title>Kalterer See und Umgebung - Alpen\u00fcberquerung F\u00fcssen-Gardasee, Teil 6<\/title>\n<meta name=\"description\" content=\"Am Kalterer See und den Montiggler Seen verbringen wir einen Ruhetag und Erkunden die Gegend, samt Kulinarischem Genuss am Abend mit Fernblick.\" \/>\n<meta name=\"robots\" content=\"index, follow, max-snippet:-1, max-image-preview:large, max-video-preview:-1\" \/>\n<link rel=\"canonical\" href=\"https:\/\/www.bike-guides.de\/index.php\/2023\/07\/25\/teil-6-un-ruhetag-nicht-nur-am-kalterer-see\/\" \/>\n<meta property=\"og:locale\" content=\"de_DE\" \/>\n<meta property=\"og:type\" content=\"article\" \/>\n<meta property=\"og:title\" content=\"Kalterer See und Umgebung - Alpen\u00fcberquerung F\u00fcssen-Gardasee, Teil 6\" \/>\n<meta property=\"og:description\" content=\"Am Kalterer See und den Montiggler Seen verbringen wir einen Ruhetag und Erkunden die Gegend, samt Kulinarischem Genuss am Abend mit Fernblick.\" \/>\n<meta property=\"og:url\" content=\"https:\/\/www.bike-guides.de\/index.php\/2023\/07\/25\/teil-6-un-ruhetag-nicht-nur-am-kalterer-see\/\" \/>\n<meta property=\"og:site_name\" content=\"Bike-Guides Weinheim\" \/>\n<meta property=\"article:published_time\" content=\"2023-07-25T16:05:59+00:00\" \/>\n<meta property=\"article:modified_time\" content=\"2023-08-03T11:09:35+00:00\" \/>\n<meta property=\"og:image\" content=\"https:\/\/www.bike-guides.de\/wp-content\/uploads\/2023\/07\/20230725_055404000_iOS-2.jpg\" \/>\n\t<meta property=\"og:image:width\" content=\"1600\" \/>\n\t<meta property=\"og:image:height\" content=\"721\" \/>\n\t<meta property=\"og:image:type\" content=\"image\/jpeg\" \/>\n<meta name=\"author\" content=\"Andreas\" \/>\n<meta name=\"twitter:card\" content=\"summary_large_image\" \/>\n<meta name=\"twitter:label1\" content=\"Verfasst von\" \/>\n\t<meta name=\"twitter:data1\" content=\"Andreas\" \/>\n\t<meta name=\"twitter:label2\" content=\"Gesch\u00e4tzte Lesezeit\" \/>\n\t<meta name=\"twitter:data2\" content=\"7\u00a0Minuten\" \/>\n<script type=\"application\/ld+json\" class=\"yoast-schema-graph\">{\"@context\":\"https:\\\/\\\/schema.org\",\"@graph\":[{\"@type\":\"Article\",\"@id\":\"https:\\\/\\\/www.bike-guides.de\\\/index.php\\\/2023\\\/07\\\/25\\\/teil-6-un-ruhetag-nicht-nur-am-kalterer-see\\\/#article\",\"isPartOf\":{\"@id\":\"https:\\\/\\\/www.bike-guides.de\\\/index.php\\\/2023\\\/07\\\/25\\\/teil-6-un-ruhetag-nicht-nur-am-kalterer-see\\\/\"},\"author\":{\"name\":\"Andreas\",\"@id\":\"https:\\\/\\\/www.bike-guides.de\\\/#\\\/schema\\\/person\\\/b07147582d70a37352e01d7136769651\"},\"headline\":\"Teil 6: (Un-) Ruhetag nicht nur am Kalterer See\",\"datePublished\":\"2023-07-25T16:05:59+00:00\",\"dateModified\":\"2023-08-03T11:09:35+00:00\",\"mainEntityOfPage\":{\"@id\":\"https:\\\/\\\/www.bike-guides.de\\\/index.php\\\/2023\\\/07\\\/25\\\/teil-6-un-ruhetag-nicht-nur-am-kalterer-see\\\/\"},\"wordCount\":834,\"commentCount\":0,\"publisher\":{\"@id\":\"https:\\\/\\\/www.bike-guides.de\\\/#organization\"},\"image\":{\"@id\":\"https:\\\/\\\/www.bike-guides.de\\\/index.php\\\/2023\\\/07\\\/25\\\/teil-6-un-ruhetag-nicht-nur-am-kalterer-see\\\/#primaryimage\"},\"thumbnailUrl\":\"https:\\\/\\\/www.bike-guides.de\\\/wp-content\\\/uploads\\\/2023\\\/07\\\/20230725_055404000_iOS-2.jpg\",\"keywords\":[\"Alpencross\",\"Alpen\u00fcberquerung\",\"Via Claudia Augusta\"],\"articleSection\":[\"Tourberichte\"],\"inLanguage\":\"de\",\"potentialAction\":[{\"@type\":\"CommentAction\",\"name\":\"Comment\",\"target\":[\"https:\\\/\\\/www.bike-guides.de\\\/index.php\\\/2023\\\/07\\\/25\\\/teil-6-un-ruhetag-nicht-nur-am-kalterer-see\\\/#respond\"]}]},{\"@type\":\"WebPage\",\"@id\":\"https:\\\/\\\/www.bike-guides.de\\\/index.php\\\/2023\\\/07\\\/25\\\/teil-6-un-ruhetag-nicht-nur-am-kalterer-see\\\/\",\"url\":\"https:\\\/\\\/www.bike-guides.de\\\/index.php\\\/2023\\\/07\\\/25\\\/teil-6-un-ruhetag-nicht-nur-am-kalterer-see\\\/\",\"name\":\"Kalterer See und Umgebung - Alpen\u00fcberquerung F\u00fcssen-Gardasee, Teil 6\",\"isPartOf\":{\"@id\":\"https:\\\/\\\/www.bike-guides.de\\\/#website\"},\"primaryImageOfPage\":{\"@id\":\"https:\\\/\\\/www.bike-guides.de\\\/index.php\\\/2023\\\/07\\\/25\\\/teil-6-un-ruhetag-nicht-nur-am-kalterer-see\\\/#primaryimage\"},\"image\":{\"@id\":\"https:\\\/\\\/www.bike-guides.de\\\/index.php\\\/2023\\\/07\\\/25\\\/teil-6-un-ruhetag-nicht-nur-am-kalterer-see\\\/#primaryimage\"},\"thumbnailUrl\":\"https:\\\/\\\/www.bike-guides.de\\\/wp-content\\\/uploads\\\/2023\\\/07\\\/20230725_055404000_iOS-2.jpg\",\"datePublished\":\"2023-07-25T16:05:59+00:00\",\"dateModified\":\"2023-08-03T11:09:35+00:00\",\"description\":\"Am Kalterer See und den Montiggler Seen verbringen wir einen Ruhetag und Erkunden die Gegend, samt Kulinarischem Genuss am Abend mit Fernblick.\",\"breadcrumb\":{\"@id\":\"https:\\\/\\\/www.bike-guides.de\\\/index.php\\\/2023\\\/07\\\/25\\\/teil-6-un-ruhetag-nicht-nur-am-kalterer-see\\\/#breadcrumb\"},\"inLanguage\":\"de\",\"potentialAction\":[{\"@type\":\"ReadAction\",\"target\":[\"https:\\\/\\\/www.bike-guides.de\\\/index.php\\\/2023\\\/07\\\/25\\\/teil-6-un-ruhetag-nicht-nur-am-kalterer-see\\\/\"]}]},{\"@type\":\"ImageObject\",\"inLanguage\":\"de\",\"@id\":\"https:\\\/\\\/www.bike-guides.de\\\/index.php\\\/2023\\\/07\\\/25\\\/teil-6-un-ruhetag-nicht-nur-am-kalterer-see\\\/#primaryimage\",\"url\":\"https:\\\/\\\/www.bike-guides.de\\\/wp-content\\\/uploads\\\/2023\\\/07\\\/20230725_055404000_iOS-2.jpg\",\"contentUrl\":\"https:\\\/\\\/www.bike-guides.de\\\/wp-content\\\/uploads\\\/2023\\\/07\\\/20230725_055404000_iOS-2.jpg\",\"width\":1600,\"height\":721,\"caption\":\"Panorama Kalterer See vor Bergen\"},{\"@type\":\"BreadcrumbList\",\"@id\":\"https:\\\/\\\/www.bike-guides.de\\\/index.php\\\/2023\\\/07\\\/25\\\/teil-6-un-ruhetag-nicht-nur-am-kalterer-see\\\/#breadcrumb\",\"itemListElement\":[{\"@type\":\"ListItem\",\"position\":1,\"name\":\"Startseite\",\"item\":\"https:\\\/\\\/www.bike-guides.de\\\/\"},{\"@type\":\"ListItem\",\"position\":2,\"name\":\"Teil 6: (Un-) Ruhetag nicht nur am Kalterer See\"}]},{\"@type\":\"WebSite\",\"@id\":\"https:\\\/\\\/www.bike-guides.de\\\/#website\",\"url\":\"https:\\\/\\\/www.bike-guides.de\\\/\",\"name\":\"Bike-Guides Weinheim\",\"description\":\"Gef\u00fchrte Touren und Events mit dem E-Mountainbike im Odenwald\",\"publisher\":{\"@id\":\"https:\\\/\\\/www.bike-guides.de\\\/#organization\"},\"potentialAction\":[{\"@type\":\"SearchAction\",\"target\":{\"@type\":\"EntryPoint\",\"urlTemplate\":\"https:\\\/\\\/www.bike-guides.de\\\/?s={search_term_string}\"},\"query-input\":{\"@type\":\"PropertyValueSpecification\",\"valueRequired\":true,\"valueName\":\"search_term_string\"}}],\"inLanguage\":\"de\"},{\"@type\":\"Organization\",\"@id\":\"https:\\\/\\\/www.bike-guides.de\\\/#organization\",\"name\":\"Bike-Guides Weinheim\",\"url\":\"https:\\\/\\\/www.bike-guides.de\\\/\",\"logo\":{\"@type\":\"ImageObject\",\"inLanguage\":\"de\",\"@id\":\"https:\\\/\\\/www.bike-guides.de\\\/#\\\/schema\\\/logo\\\/image\\\/\",\"url\":\"https:\\\/\\\/www.bike-guides.de\\\/wp-content\\\/uploads\\\/2022\\\/10\\\/cropped-logo-wei-wei.png\",\"contentUrl\":\"https:\\\/\\\/www.bike-guides.de\\\/wp-content\\\/uploads\\\/2022\\\/10\\\/cropped-logo-wei-wei.png\",\"width\":313,\"height\":250,\"caption\":\"Bike-Guides Weinheim\"},\"image\":{\"@id\":\"https:\\\/\\\/www.bike-guides.de\\\/#\\\/schema\\\/logo\\\/image\\\/\"}},{\"@type\":\"Person\",\"@id\":\"https:\\\/\\\/www.bike-guides.de\\\/#\\\/schema\\\/person\\\/b07147582d70a37352e01d7136769651\",\"name\":\"Andreas\",\"image\":{\"@type\":\"ImageObject\",\"inLanguage\":\"de\",\"@id\":\"https:\\\/\\\/www.bike-guides.de\\\/wp-content\\\/uploads\\\/2022\\\/10\\\/cropped-favicon-gr-e1665173137910-96x96.jpg\",\"url\":\"https:\\\/\\\/www.bike-guides.de\\\/wp-content\\\/uploads\\\/2022\\\/10\\\/cropped-favicon-gr-e1665173137910-96x96.jpg\",\"contentUrl\":\"https:\\\/\\\/www.bike-guides.de\\\/wp-content\\\/uploads\\\/2022\\\/10\\\/cropped-favicon-gr-e1665173137910-96x96.jpg\",\"caption\":\"Andreas\"},\"sameAs\":[\"https:\\\/\\\/www.bike-guides.de\"],\"url\":\"https:\\\/\\\/www.bike-guides.de\\\/index.php\\\/author\\\/apatolla_2wy5gpqk\\\/\"}]}<\/script>\n<!-- \/ Yoast SEO plugin. -->","yoast_head_json":{"title":"Kalterer See und Umgebung - Alpen\u00fcberquerung F\u00fcssen-Gardasee, Teil 6","description":"Am Kalterer See und den Montiggler Seen verbringen wir einen Ruhetag und Erkunden die Gegend, samt Kulinarischem Genuss am Abend mit Fernblick.","robots":{"index":"index","follow":"follow","max-snippet":"max-snippet:-1","max-image-preview":"max-image-preview:large","max-video-preview":"max-video-preview:-1"},"canonical":"https:\/\/www.bike-guides.de\/index.php\/2023\/07\/25\/teil-6-un-ruhetag-nicht-nur-am-kalterer-see\/","og_locale":"de_DE","og_type":"article","og_title":"Kalterer See und Umgebung - Alpen\u00fcberquerung F\u00fcssen-Gardasee, Teil 6","og_description":"Am Kalterer See und den Montiggler Seen verbringen wir einen Ruhetag und Erkunden die Gegend, samt Kulinarischem Genuss am Abend mit Fernblick.","og_url":"https:\/\/www.bike-guides.de\/index.php\/2023\/07\/25\/teil-6-un-ruhetag-nicht-nur-am-kalterer-see\/","og_site_name":"Bike-Guides Weinheim","article_published_time":"2023-07-25T16:05:59+00:00","article_modified_time":"2023-08-03T11:09:35+00:00","og_image":[{"width":1600,"height":721,"url":"https:\/\/www.bike-guides.de\/wp-content\/uploads\/2023\/07\/20230725_055404000_iOS-2.jpg","type":"image\/jpeg"}],"author":"Andreas","twitter_card":"summary_large_image","twitter_misc":{"Verfasst von":"Andreas","Gesch\u00e4tzte Lesezeit":"7\u00a0Minuten"},"schema":{"@context":"https:\/\/schema.org","@graph":[{"@type":"Article","@id":"https:\/\/www.bike-guides.de\/index.php\/2023\/07\/25\/teil-6-un-ruhetag-nicht-nur-am-kalterer-see\/#article","isPartOf":{"@id":"https:\/\/www.bike-guides.de\/index.php\/2023\/07\/25\/teil-6-un-ruhetag-nicht-nur-am-kalterer-see\/"},"author":{"name":"Andreas","@id":"https:\/\/www.bike-guides.de\/#\/schema\/person\/b07147582d70a37352e01d7136769651"},"headline":"Teil 6: (Un-) Ruhetag nicht nur am Kalterer See","datePublished":"2023-07-25T16:05:59+00:00","dateModified":"2023-08-03T11:09:35+00:00","mainEntityOfPage":{"@id":"https:\/\/www.bike-guides.de\/index.php\/2023\/07\/25\/teil-6-un-ruhetag-nicht-nur-am-kalterer-see\/"},"wordCount":834,"commentCount":0,"publisher":{"@id":"https:\/\/www.bike-guides.de\/#organization"},"image":{"@id":"https:\/\/www.bike-guides.de\/index.php\/2023\/07\/25\/teil-6-un-ruhetag-nicht-nur-am-kalterer-see\/#primaryimage"},"thumbnailUrl":"https:\/\/www.bike-guides.de\/wp-content\/uploads\/2023\/07\/20230725_055404000_iOS-2.jpg","keywords":["Alpencross","Alpen\u00fcberquerung","Via Claudia Augusta"],"articleSection":["Tourberichte"],"inLanguage":"de","potentialAction":[{"@type":"CommentAction","name":"Comment","target":["https:\/\/www.bike-guides.de\/index.php\/2023\/07\/25\/teil-6-un-ruhetag-nicht-nur-am-kalterer-see\/#respond"]}]},{"@type":"WebPage","@id":"https:\/\/www.bike-guides.de\/index.php\/2023\/07\/25\/teil-6-un-ruhetag-nicht-nur-am-kalterer-see\/","url":"https:\/\/www.bike-guides.de\/index.php\/2023\/07\/25\/teil-6-un-ruhetag-nicht-nur-am-kalterer-see\/","name":"Kalterer See und Umgebung - Alpen\u00fcberquerung F\u00fcssen-Gardasee, Teil 6","isPartOf":{"@id":"https:\/\/www.bike-guides.de\/#website"},"primaryImageOfPage":{"@id":"https:\/\/www.bike-guides.de\/index.php\/2023\/07\/25\/teil-6-un-ruhetag-nicht-nur-am-kalterer-see\/#primaryimage"},"image":{"@id":"https:\/\/www.bike-guides.de\/index.php\/2023\/07\/25\/teil-6-un-ruhetag-nicht-nur-am-kalterer-see\/#primaryimage"},"thumbnailUrl":"https:\/\/www.bike-guides.de\/wp-content\/uploads\/2023\/07\/20230725_055404000_iOS-2.jpg","datePublished":"2023-07-25T16:05:59+00:00","dateModified":"2023-08-03T11:09:35+00:00","description":"Am Kalterer See und den Montiggler Seen verbringen wir einen Ruhetag und Erkunden die Gegend, samt Kulinarischem Genuss am Abend mit Fernblick.","breadcrumb":{"@id":"https:\/\/www.bike-guides.de\/index.php\/2023\/07\/25\/teil-6-un-ruhetag-nicht-nur-am-kalterer-see\/#breadcrumb"},"inLanguage":"de","potentialAction":[{"@type":"ReadAction","target":["https:\/\/www.bike-guides.de\/index.php\/2023\/07\/25\/teil-6-un-ruhetag-nicht-nur-am-kalterer-see\/"]}]},{"@type":"ImageObject","inLanguage":"de","@id":"https:\/\/www.bike-guides.de\/index.php\/2023\/07\/25\/teil-6-un-ruhetag-nicht-nur-am-kalterer-see\/#primaryimage","url":"https:\/\/www.bike-guides.de\/wp-content\/uploads\/2023\/07\/20230725_055404000_iOS-2.jpg","contentUrl":"https:\/\/www.bike-guides.de\/wp-content\/uploads\/2023\/07\/20230725_055404000_iOS-2.jpg","width":1600,"height":721,"caption":"Panorama Kalterer See vor Bergen"},{"@type":"BreadcrumbList","@id":"https:\/\/www.bike-guides.de\/index.php\/2023\/07\/25\/teil-6-un-ruhetag-nicht-nur-am-kalterer-see\/#breadcrumb","itemListElement":[{"@type":"ListItem","position":1,"name":"Startseite","item":"https:\/\/www.bike-guides.de\/"},{"@type":"ListItem","position":2,"name":"Teil 6: (Un-) Ruhetag nicht nur am Kalterer See"}]},{"@type":"WebSite","@id":"https:\/\/www.bike-guides.de\/#website","url":"https:\/\/www.bike-guides.de\/","name":"Bike-Guides Weinheim","description":"Gef\u00fchrte Touren und Events mit dem E-Mountainbike im Odenwald","publisher":{"@id":"https:\/\/www.bike-guides.de\/#organization"},"potentialAction":[{"@type":"SearchAction","target":{"@type":"EntryPoint","urlTemplate":"https:\/\/www.bike-guides.de\/?s={search_term_string}"},"query-input":{"@type":"PropertyValueSpecification","valueRequired":true,"valueName":"search_term_string"}}],"inLanguage":"de"},{"@type":"Organization","@id":"https:\/\/www.bike-guides.de\/#organization","name":"Bike-Guides Weinheim","url":"https:\/\/www.bike-guides.de\/","logo":{"@type":"ImageObject","inLanguage":"de","@id":"https:\/\/www.bike-guides.de\/#\/schema\/logo\/image\/","url":"https:\/\/www.bike-guides.de\/wp-content\/uploads\/2022\/10\/cropped-logo-wei-wei.png","contentUrl":"https:\/\/www.bike-guides.de\/wp-content\/uploads\/2022\/10\/cropped-logo-wei-wei.png","width":313,"height":250,"caption":"Bike-Guides Weinheim"},"image":{"@id":"https:\/\/www.bike-guides.de\/#\/schema\/logo\/image\/"}},{"@type":"Person","@id":"https:\/\/www.bike-guides.de\/#\/schema\/person\/b07147582d70a37352e01d7136769651","name":"Andreas","image":{"@type":"ImageObject","inLanguage":"de","@id":"https:\/\/www.bike-guides.de\/wp-content\/uploads\/2022\/10\/cropped-favicon-gr-e1665173137910-96x96.jpg","url":"https:\/\/www.bike-guides.de\/wp-content\/uploads\/2022\/10\/cropped-favicon-gr-e1665173137910-96x96.jpg","contentUrl":"https:\/\/www.bike-guides.de\/wp-content\/uploads\/2022\/10\/cropped-favicon-gr-e1665173137910-96x96.jpg","caption":"Andreas"},"sameAs":["https:\/\/www.bike-guides.de"],"url":"https:\/\/www.bike-guides.de\/index.php\/author\/apatolla_2wy5gpqk\/"}]}},"jetpack_sharing_enabled":true,"jetpack_featured_media_url":"https:\/\/www.bike-guides.de\/wp-content\/uploads\/2023\/07\/20230725_055404000_iOS-2.jpg","_links":{"self":[{"href":"https:\/\/www.bike-guides.de\/index.php\/wp-json\/wp\/v2\/posts\/1799","targetHints":{"allow":["GET"]}}],"collection":[{"href":"https:\/\/www.bike-guides.de\/index.php\/wp-json\/wp\/v2\/posts"}],"about":[{"href":"https:\/\/www.bike-guides.de\/index.php\/wp-json\/wp\/v2\/types\/post"}],"author":[{"embeddable":true,"href":"https:\/\/www.bike-guides.de\/index.php\/wp-json\/wp\/v2\/users\/1"}],"replies":[{"embeddable":true,"href":"https:\/\/www.bike-guides.de\/index.php\/wp-json\/wp\/v2\/comments?post=1799"}],"version-history":[{"count":68,"href":"https:\/\/www.bike-guides.de\/index.php\/wp-json\/wp\/v2\/posts\/1799\/revisions"}],"predecessor-version":[{"id":2625,"href":"https:\/\/www.bike-guides.de\/index.php\/wp-json\/wp\/v2\/posts\/1799\/revisions\/2625"}],"wp:featuredmedia":[{"embeddable":true,"href":"https:\/\/www.bike-guides.de\/index.php\/wp-json\/wp\/v2\/media\/1803"}],"wp:attachment":[{"href":"https:\/\/www.bike-guides.de\/index.php\/wp-json\/wp\/v2\/media?parent=1799"}],"wp:term":[{"taxonomy":"category","embeddable":true,"href":"https:\/\/www.bike-guides.de\/index.php\/wp-json\/wp\/v2\/categories?post=1799"},{"taxonomy":"post_tag","embeddable":true,"href":"https:\/\/www.bike-guides.de\/index.php\/wp-json\/wp\/v2\/tags?post=1799"}],"curies":[{"name":"wp","href":"https:\/\/api.w.org\/{rel}","templated":true}]}}