{"id":1440,"date":"2023-07-21T14:29:06","date_gmt":"2023-07-21T12:29:06","guid":{"rendered":"https:\/\/www.bike-guides.de\/?p=1440"},"modified":"2023-08-03T13:47:38","modified_gmt":"2023-08-03T11:47:38","slug":"teil-2-ueber-den-alpsee-und-fernpass-nach-imst","status":"publish","type":"post","link":"https:\/\/www.bike-guides.de\/index.php\/2023\/07\/21\/teil-2-ueber-den-alpsee-und-fernpass-nach-imst\/","title":{"rendered":"Teil 2: \u00dcber den Alpsee und Fernpa\u00df nach Imst"},"content":{"rendered":"\n<h2 class=\"wp-block-heading\" style=\"font-size:18px;font-style:normal;font-weight:600\"><strong>Alpen\u00fcberquerung von F\u00fcssen zum Gardasee<\/strong><\/h2>\n\n\n\n<!--more-->\n\n\n<style>#sp-ea-2206 .spcollapsing { height: 0; overflow: hidden; transition-property: height;transition-duration: 300ms;}#sp-ea-2206{ position: relative; }#sp-ea-2206 .ea-card{ opacity: 0;}#eap-preloader-2206{ position: absolute; left: 0; top: 0; height: 100%;width: 100%; text-align: center;display: flex; align-items: center;justify-content: center;}#sp-ea-2206.sp-easy-accordion>.sp-ea-single {margin-bottom: 10px; border: 2px solid #e2e2e2; }#sp-ea-2206.sp-easy-accordion>.sp-ea-single>.ea-header a {color: #444;}#sp-ea-2206.sp-easy-accordion>.sp-ea-single>.sp-collapse>.ea-body {background: #fff; color: #444;}#sp-ea-2206.sp-easy-accordion>.sp-ea-single {background: #abb8c3;}#sp-ea-2206.sp-easy-accordion>.sp-ea-single>.ea-header a .ea-expand-icon { float: left; color: #444;font-size: 16px;}<\/style><div id=\"sp_easy_accordion-1690517922\">\n<div id=\"sp-ea-2206\" class=\"sp-ea-one sp-easy-accordion\" data-ex-icon=\"minus\" data-col-icon=\"plus\" data-ea-active=\"ea-click\" data-ea-mode=\"vertical\" data-preloader=\"1\" data-scroll-active-item=\"\" data-offset-to-scroll=\"0\">\n\t<div id=\"eap-preloader-2206\" class=\"accordion-preloader\">\n\t\t<img decoding=\"async\" src=\"https:\/\/www.bike-guides.de\/wp-content\/plugins\/easy-accordion-free\/public\/assets\/ea_loader.svg\" alt=\"Loader image\"\/>\n\t<\/div>\n\t\t<!-- Start accordion card div. -->\n\t<div class=\"ea-card  sp-ea-single\">\n\t\t<!-- Start accordion header. -->\n\t\t<h3 class=\"ea-header\">\n\t\t\t<!-- Add anchor tag for header. -->\n\t\t\t<a class=\"collapsed\" id=\"ea-header-22060\" data-sptoggle=\"spcollapse\" data-sptarget=\"#collapse22060\" aria-controls=\"collapse22060\" href=\"#\"  aria-expanded=\"false\" tabindex=\"0\">\n\t\t\t<i class=\"ea-expand-icon ea-icon-expand-plus\"><\/i> Alle Berichte aus der Reihe\t\t\t<\/a> <!-- Close anchor tag for header. -->\n\t\t<\/h3>\t<!-- Close header tag. -->\n\t\t<!-- Start collapsible content div. -->\n\t\t<div class=\"sp-collapse spcollapse spcollapse\" id=\"collapse22060\" data-parent=\"#sp-ea-2206\" role=\"region\" aria-labelledby=\"ea-header-22060\">  <!-- Content div. -->\n\t\t\t<div class=\"ea-body\">\n\t\t\t<p><a href=\"https:\/\/www.bike-guides.de\/index.php\/2023\/07\/20\/alpenueberquerung-von-fuessen-bis-zum-gardasee\/\">Teil 1: Planung und Organisation<\/a><br \/>\n<a href=\"https:\/\/www.bike-guides.de\/index.php\/2023\/07\/21\/teil-2-ueber-den-alpsee-und-fernpass-nach-imst\/\">Teil 2: \u00dcber den Alpsee und Fernpass nach Imst<\/a><br \/>\n<a href=\"https:\/\/www.bike-guides.de\/index.php\/2023\/07\/22\/teil-3-regeneratives-ausschuetteln-der-beine-zwischen-imst-und-pfunds\/\">Teil 3: Regeneratives Aussch\u00fctteln der Beine zwischen Imst und Pfunds<\/a><br \/>\n<a href=\"https:\/\/www.bike-guides.de\/index.php\/2023\/07\/23\/teil-4-ueber-wilde-grenzen-und-schwarze-loecher-auf-das-dach-der-tour\/\">Teil 4: \u00dcber wilde Grenzen und schwarze L\u00f6cher auf das Dach der Tour<\/a><br \/>\n<a href=\"https:\/\/www.bike-guides.de\/index.php\/2023\/07\/24\/teil-5-von-laas-ueber-meran-an-den-kalterer-see-spaetstart-in-die-laengste-etappe\/\">Teil 5: Von Laas \u00fcber Meran an den Kalterer See<\/a><br \/>\n<a href=\"https:\/\/www.bike-guides.de\/index.php\/2023\/07\/25\/teil-6-un-ruhetag-nicht-nur-am-kalterer-see\/\">Teil 6: (Un-)Ruhetag nicht nur am Kalterer See<\/a><br \/>\n<a href=\"https:\/\/www.bike-guides.de\/index.php\/2023\/07\/26\/teil-7-durch-das-tor-des-suedens-kurz-vor-dem-sprung-zum-finale\/\">Teil 7: Durch das Tor des S\u00fcdens kurz vor dem Sprung zum Finale<\/a><br \/>\n<a href=\"https:\/\/www.bike-guides.de\/index.php\/2023\/07\/27\/teil-8-vom-gardasee-ueberwaeltigt\/\">Teil 8: Vom Gardasee \u00fcberw\u00e4ltigt<\/a><br \/>\n<a href=\"https:\/\/www.bike-guides.de\/index.php\/2023\/07\/28\/teil-9-rueckreise-und-fazit\/\">Teil 9: R\u00fcckreise und Fazit<\/a><\/p>\n\t\t\t<\/div> <!-- Close content div. -->\n\t\t<\/div> <!-- Close collapse div. -->\n\t<\/div> <!-- Close card div. -->\n\t<\/div>\n<\/div>\n\n\n\n\n<p class=\"has-cyan-bluish-gray-background-color has-background has-small-font-size\">Strecke: 76,6 km<br>H\u00f6henmeter bergauf: 967<br>Tiefenmeter bergab: 954<br>Alle Details, Streckenverlauf &#8211; H\u00f6henprofil usw: <a href=\"https:\/\/www.outdooractive.com\/de\/track\/radtour-am-9.-juli-2023-um-08-45\/272199784\/?share=%7Ezwlxnyyv%244ossia9g\">Outdooractive-Karte<\/a><\/p>\n\n\n\n<p>Am ersten gemeinsamen Tourtag ging es nach dem Fr\u00fchst\u00fcck im Freien am Wohnmobil auf dem <a href=\"https:\/\/camping-bannwaldsee.de\/\">Campingplatz Bannwaldsee<\/a> nun endlich los, der erste Tourtag unserer Alpen\u00fcberquerung startete.<\/p>\n\n\n\n<h3 class=\"wp-block-heading\"><strong>Abweichende Variante \u00fcber den Alpsee<\/strong><\/h3>\n\n\n\n<p>Wir entschieden uns f\u00fcr das erste St\u00fcck von der klassischen Route der Via Claudia Augusta abzuweichen. Ich bin bei Recherchen auf den Tipp gesto\u00dfen, die Variante am Alpsee entlang zu fahren. Diese hat den Vorteil, dass man komplett fernab von Stra\u00dfen mit Autoverkehr unterwegs ist. Von der Streckenl\u00e4nge und von den H\u00f6henmetern her macht diese Variante praktisch keinen Unterschied.<\/p>\n\n\n<div class=\"wp-block-image\">\n<figure class=\"aligncenter size-full\"><a href=\"https:\/\/www.bike-guides.de\/index.php\/2023\/07\/21\/teil-2-ueber-den-alpsee-und-fernpass-nach-imst\/schloss_neuschwanstein\/\" target=\"_blank\" rel=\"noreferrer noopener\"><img loading=\"lazy\" decoding=\"async\" width=\"600\" height=\"800\" src=\"https:\/\/www.bike-guides.de\/wp-content\/uploads\/2023\/07\/Schloss_Neuschwanstein.jpg\" alt=\"Schloss Neuschwanstein\" class=\"wp-image-1447\" srcset=\"https:\/\/www.bike-guides.de\/wp-content\/uploads\/2023\/07\/Schloss_Neuschwanstein.jpg 600w, https:\/\/www.bike-guides.de\/wp-content\/uploads\/2023\/07\/Schloss_Neuschwanstein-225x300.jpg 225w\" sizes=\"auto, (max-width: 600px) 100vw, 600px\" \/><\/a><figcaption class=\"wp-element-caption\">In Sichtweite des Weltber\u00fchmten Schloss Neuschwanstein f\u00fchrt der Weg zum Alpsee<\/figcaption><\/figure>\n<\/div>\n\n\n<p>Wir d\u00fcrfen von unten einen Blick hinauf zum <a href=\"https:\/\/de.wikipedia.org\/wiki\/Schloss_Neuschwanstein\">Schloss Neuschwanstein<\/a> erhaschen, das wir aber w\u00f6rtlich und bildlich gesprochen &#8222;links liegenlassen&#8220;. Es ist zum Gl\u00fcck noch fr\u00fch am Tag und nicht viel los, der Trubel beginnt aber sicherlich bald. Diese Tour hat andere Schwerpunkte. Wir fahren weiter durch Hohenschwangau. Am Ortsende erreichen wir den Alpsee, wo wir in Fahrtrichtung gesehen dem rechten Uferweg folgen, der See liegt links von uns im weiteren Verlauf.<\/p>\n\n\n\n<figure class=\"wp-block-image size-full\"><a href=\"https:\/\/www.bike-guides.de\/index.php\/2023\/07\/21\/teil-2-ueber-den-alpsee-und-fernpass-nach-imst\/alpsee\/\" target=\"_blank\" rel=\"noreferrer noopener\"><img loading=\"lazy\" decoding=\"async\" width=\"800\" height=\"450\" src=\"https:\/\/www.bike-guides.de\/wp-content\/uploads\/2023\/07\/Alpsee.jpg\" alt=\"Radfahrerin am Ufer des Alpsees\" class=\"wp-image-1452\" srcset=\"https:\/\/www.bike-guides.de\/wp-content\/uploads\/2023\/07\/Alpsee.jpg 800w, https:\/\/www.bike-guides.de\/wp-content\/uploads\/2023\/07\/Alpsee-300x169.jpg 300w, https:\/\/www.bike-guides.de\/wp-content\/uploads\/2023\/07\/Alpsee-768x432.jpg 768w\" sizes=\"auto, (max-width: 767px) 89vw, (max-width: 1000px) 54vw, (max-width: 1071px) 543px, 580px\" \/><\/a><figcaption class=\"wp-element-caption\">Blick auf den Alpsee am Ortsende von Hohenschwangau<\/figcaption><\/figure>\n\n\n\n<p>Wir fahren weiter immer im Wesentlichen ansteigend, von Zwischenabfahrten unterbrochen, auf dem gut ausgebauten Wirtschaftsweg. Blicke auf den See sind rar, aber es ist sch\u00f6n schattig und sehr ruhig, eine gute Variante f\u00fcr diesen hei\u00dfen Tag. Gute 4 km nach dem erstmaligen Treffen auf den Alpsee \u00fcberschreiten wir fast unmerklich die gr\u00fcne Grenze zu \u00d6sterreich. Ab hier geht es \u00fcber Serpentinen auf einem geschotterten Weg bergab. \u00dcber Wiesen erreichen wir schlie\u00dflich wieder die klassische eigentliche Route der Via Claudia Augusta zwischen Unterpinswang und Oberpinswang, der wir nun wieder weiter folgen.<\/p>\n\n\n\n<h3 class=\"wp-block-heading\"><strong>Zwischen Grenze D-AT und Anstieg zum Fernpass<\/strong><\/h3>\n\n\n\n<p>Der folgende Abschnitt zeichnet sich durch wechselnde Wegbeschaffenheiten aus. Von k\u00fcrzeren Abschnitten auf Stra\u00dfen mit KFZ-Verkehr, die aber nicht allzu stark frequentiert waren, bis hin zu asphaltierten Feldwegen, Ortsdurchfahrten und Stra\u00dfen mit geschotterten Waldwegen ist alles dabei. Es gibt keine besonderen Schwierigkeiten, das Panorama wird immer sch\u00f6ner, die Landschaft ist beeindruckend und sehr abwechslungsreich. Sicher muss man bei besonders bei den Abfahrten schon aufpassen &#8211; aber alles sehr gut beherrschbar. Genuss pur, wir finden es bei herrlichem Sommerwetter ein bisschen hei\u00df, aber einfach genial und sind gl\u00fccklich hier entlang radeln zu d\u00fcrfen.<\/p>\n\n\n\n<figure class=\"wp-block-image size-large\"><a href=\"https:\/\/www.bike-guides.de\/index.php\/2023\/07\/21\/teil-2-ueber-den-alpsee-und-fernpass-nach-imst\/zugspitze_norbert\/\" target=\"_blank\" rel=\"noreferrer noopener\"><img loading=\"lazy\" decoding=\"async\" width=\"751\" height=\"1024\" src=\"https:\/\/www.bike-guides.de\/wp-content\/uploads\/2023\/07\/Zugspitze_norbert-751x1024.jpg\" alt=\"Radfahrer vor der Zugspitze\" class=\"wp-image-1463\" srcset=\"https:\/\/www.bike-guides.de\/wp-content\/uploads\/2023\/07\/Zugspitze_norbert-751x1024.jpg 751w, https:\/\/www.bike-guides.de\/wp-content\/uploads\/2023\/07\/Zugspitze_norbert-220x300.jpg 220w, https:\/\/www.bike-guides.de\/wp-content\/uploads\/2023\/07\/Zugspitze_norbert-768x1047.jpg 768w, https:\/\/www.bike-guides.de\/wp-content\/uploads\/2023\/07\/Zugspitze_norbert-1127x1536.jpg 1127w, https:\/\/www.bike-guides.de\/wp-content\/uploads\/2023\/07\/Zugspitze_norbert-1502x2048.jpg 1502w, https:\/\/www.bike-guides.de\/wp-content\/uploads\/2023\/07\/Zugspitze_norbert.jpg 1536w\" sizes=\"auto, (max-width: 706px) 89vw, (max-width: 767px) 82vw, 740px\" \/><\/a><figcaption class=\"wp-element-caption\">Wir rollen direkt auf das Zugspitzmassiv zu (Foto: Norbert Widera)<\/figcaption><\/figure>\n\n\n\n<p>Dank hervorragender Fernsicht an diesem Tag haben wir in Lermoos einen tollen Blick in Fahrtrichtung auf das Zugspitzmassiv &#8211; beeindruckend, wie der komplette Tourtag.<\/p>\n\n\n\n<figure class=\"wp-block-image size-large\"><a href=\"https:\/\/www.bike-guides.de\/index.php\/2023\/07\/21\/teil-2-ueber-den-alpsee-und-fernpass-nach-imst\/panoramat1\/\" target=\"_blank\" rel=\"noreferrer noopener\"><img loading=\"lazy\" decoding=\"async\" width=\"768\" height=\"1024\" src=\"https:\/\/www.bike-guides.de\/wp-content\/uploads\/2023\/07\/PanoramaT1-768x1024.jpg\" alt=\"Radfahrer vor Bergpanorama in der N\u00e4he vom Fernpass an der Via CLaudia Augusta\" class=\"wp-image-1465\" srcset=\"https:\/\/www.bike-guides.de\/wp-content\/uploads\/2023\/07\/PanoramaT1-768x1024.jpg 768w, https:\/\/www.bike-guides.de\/wp-content\/uploads\/2023\/07\/PanoramaT1-225x300.jpg 225w, https:\/\/www.bike-guides.de\/wp-content\/uploads\/2023\/07\/PanoramaT1-1152x1536.jpg 1152w, https:\/\/www.bike-guides.de\/wp-content\/uploads\/2023\/07\/PanoramaT1.jpg 1537w\" sizes=\"auto, (max-width: 767px) 89vw, (max-width: 1000px) 54vw, (max-width: 1071px) 543px, 580px\" \/><\/a><figcaption class=\"wp-element-caption\">Die Ausblicke auf dem Weg lassen kaum W\u00fcnsche offen (Foto: Norbert Widera)<\/figcaption><\/figure>\n\n\n\n<p><\/p>\n\n\n\n<h3 class=\"wp-block-heading\" id=\"fernpass\"><strong>\u00dcberquerung Fernpass<\/strong><\/h3>\n\n\n\n<p>Biberwier passieren wir beil\u00e4ufig auf der Route der Via Claudia Augusta. An der Talstation des Liftes Marienbergbahn I gibt es vor dem finalen Anstieg zum Fernpass letztmalig eine <a href=\"https:\/\/www.ottospistentreff.com\/\">Gelegenheit zur St\u00e4rkung<\/a> in fl\u00fcssiger und fester Form, sowie eine M\u00f6glichkeit zum Laden der E-Bikeakkus. <\/p>\n\n\n\n<p>Wir hatten zun\u00e4chst auch Zweifel, ob die Akkuladungen ausreichen w\u00fcrden, aber dank etwas sparsamer Fahrweise war das \u00fcberhaupt kein Problem und diese war deswegen auch die erste und letzte Tagesetappe w\u00e4hrend der wir die Ladeger\u00e4te im Rucksack dabei hatten. F\u00fcr den Rest der Reise vertrauten wir diese dem Transport im begleitenden Wohnmobil an, was nie zu Problemen f\u00fchrte.<\/p>\n\n\n\n<figure class=\"wp-block-image size-large\"><a href=\"https:\/\/www.bike-guides.de\/index.php\/2023\/07\/21\/teil-2-ueber-den-alpsee-und-fernpass-nach-imst\/ottos-bart1\/\" target=\"_blank\" rel=\"noreferrer noopener\"><img loading=\"lazy\" decoding=\"async\" width=\"768\" height=\"1024\" src=\"https:\/\/www.bike-guides.de\/wp-content\/uploads\/2023\/07\/Ottos-barT1-768x1024.jpg\" alt=\"Terrasse einer H\u00fctte mit Fahrr\u00e4dern in Biberwier\" class=\"wp-image-1471\" srcset=\"https:\/\/www.bike-guides.de\/wp-content\/uploads\/2023\/07\/Ottos-barT1-768x1024.jpg 768w, https:\/\/www.bike-guides.de\/wp-content\/uploads\/2023\/07\/Ottos-barT1-225x300.jpg 225w, https:\/\/www.bike-guides.de\/wp-content\/uploads\/2023\/07\/Ottos-barT1-1152x1536.jpg 1152w, https:\/\/www.bike-guides.de\/wp-content\/uploads\/2023\/07\/Ottos-barT1.jpg 1200w\" sizes=\"auto, (max-width: 767px) 89vw, (max-width: 1000px) 54vw, (max-width: 1071px) 543px, 580px\" \/><\/a><figcaption class=\"wp-element-caption\">Ottos Bar in Biberwier an der Talstation des Lifts bot eine willkommene Gelegenheit nochmals Kraft vor der Auffahrt zum Fernpass zu tanken<\/figcaption><\/figure>\n\n\n<div class=\"wp-block-image\">\n<figure class=\"aligncenter size-large\"><a href=\"https:\/\/www.bike-guides.de\/index.php\/2023\/07\/21\/teil-2-ueber-den-alpsee-und-fernpass-nach-imst\/ebiketankstelle\/\" target=\"_blank\" rel=\"noreferrer noopener\"><img loading=\"lazy\" decoding=\"async\" width=\"576\" height=\"1024\" src=\"https:\/\/www.bike-guides.de\/wp-content\/uploads\/2023\/07\/ebiketankstelle-576x1024.jpg\" alt=\"E-Bike Ladestation in Biberwier\" class=\"wp-image-1473\" srcset=\"https:\/\/www.bike-guides.de\/wp-content\/uploads\/2023\/07\/ebiketankstelle-576x1024.jpg 576w, https:\/\/www.bike-guides.de\/wp-content\/uploads\/2023\/07\/ebiketankstelle-169x300.jpg 169w, https:\/\/www.bike-guides.de\/wp-content\/uploads\/2023\/07\/ebiketankstelle-768x1365.jpg 768w, https:\/\/www.bike-guides.de\/wp-content\/uploads\/2023\/07\/ebiketankstelle-864x1536.jpg 864w, https:\/\/www.bike-guides.de\/wp-content\/uploads\/2023\/07\/ebiketankstelle.jpg 1080w\" sizes=\"auto, (max-width: 576px) 100vw, 576px\" \/><\/a><figcaption class=\"wp-element-caption\">Auch seinem Akku kann man nochmals etwas Energie spenden. War bei uns nicht notwendig.<\/figcaption><\/figure>\n<\/div>\n\n\n<p>Der Weg \u00fcber den Fernpass zeichnet sich durch einen im wesentlichen stetigen, durchaus teilweise markanten Anstieg aus. Der Untergrund besteht gr\u00f6\u00dftenteils aus Schotter, teilweise relativ grob und nicht verfestigt. Kurz nach dem h\u00f6chsten Punkt erreicht man die Schl\u00fcsselstelle dieser Etappe. Es geht \u00fcber eine Holzbr\u00fcstung und in der Folge \u00fcber den alten R\u00f6merweg in Serpentinen bergab, f\u00fcr Trekkingradverh\u00e4ltnisse relativ steil. Der Weg ist nicht allzu breit, teilweise mit ausgewaschenen Rinnen versehen und mit kleinen Stufen und Bl\u00f6cken durchsetzt. Hier muss man schon ein bisschen aufpassen &#8211; wer sich das nicht zutraut, sollte vielleicht lieber die wenigen hundert Meter sein Rad schieben. Unsere Mitfahrerin mit Trekkingrad hat das so gehandhabt &#8211; kein Problem, kein gro\u00dfer Aufwand. Auch weiter unten in der Abfahrt gibt es immer mal wieder solche Stellen, an denen man vorsichtig agieren sollte, machbar ist es aber, notfalls halt, wie geschrieben, laufend. <\/p>\n\n\n\n<figure class=\"wp-block-image size-large\"><a href=\"https:\/\/www.bike-guides.de\/index.php\/2023\/07\/21\/teil-2-ueber-den-alpsee-und-fernpass-nach-imst\/verbauungfrenpasst\/\" target=\"_blank\" rel=\"noreferrer noopener\"><img loading=\"lazy\" decoding=\"async\" width=\"768\" height=\"1024\" src=\"https:\/\/www.bike-guides.de\/wp-content\/uploads\/2023\/07\/VerbauungfrenpassT-768x1024.jpg\" alt=\"Galerie am Fernpass \/ Via Claudia Augusta\" class=\"wp-image-1475\" srcset=\"https:\/\/www.bike-guides.de\/wp-content\/uploads\/2023\/07\/VerbauungfrenpassT-768x1024.jpg 768w, https:\/\/www.bike-guides.de\/wp-content\/uploads\/2023\/07\/VerbauungfrenpassT-225x300.jpg 225w, https:\/\/www.bike-guides.de\/wp-content\/uploads\/2023\/07\/VerbauungfrenpassT.jpg 1000w\" sizes=\"auto, (max-width: 767px) 89vw, (max-width: 1000px) 54vw, (max-width: 1071px) 543px, 580px\" \/><\/a><figcaption class=\"wp-element-caption\">Die Absturzsicherung am Fernpass. Nicht wirklich ein Problem, aber Vorsicht ist schon geboten, besonders im anschlie\u00dfenden Teil (Foto: Norbert Widera)<\/figcaption><\/figure>\n\n\n<div class=\"wp-block-image\">\n<figure class=\"aligncenter size-large\"><a href=\"https:\/\/www.bike-guides.de\/index.php\/2023\/07\/21\/teil-2-ueber-den-alpsee-und-fernpass-nach-imst\/verbauungfernpasst1\/\" target=\"_blank\" rel=\"noreferrer noopener\"><img loading=\"lazy\" decoding=\"async\" width=\"1024\" height=\"768\" src=\"https:\/\/www.bike-guides.de\/wp-content\/uploads\/2023\/07\/VerbauungFernpassT1-1024x768.jpg\" alt=\"Radfahrerin f\u00e4hrt \u00fcber Engstelle am Fernpass \/ Via Claudia Augusta Radweg\" class=\"wp-image-1477\" srcset=\"https:\/\/www.bike-guides.de\/wp-content\/uploads\/2023\/07\/VerbauungFernpassT1-1024x768.jpg 1024w, https:\/\/www.bike-guides.de\/wp-content\/uploads\/2023\/07\/VerbauungFernpassT1-300x225.jpg 300w, https:\/\/www.bike-guides.de\/wp-content\/uploads\/2023\/07\/VerbauungFernpassT1-768x576.jpg 768w, https:\/\/www.bike-guides.de\/wp-content\/uploads\/2023\/07\/VerbauungFernpassT1.jpg 1200w\" sizes=\"auto, (max-width: 767px) 89vw, (max-width: 1000px) 54vw, (max-width: 1071px) 543px, 580px\" \/><\/a><figcaption class=\"wp-element-caption\">Gleiche Stelle in die andere Richtung. Steiler als es auf dem Foto wirkt, aber gut machbar. (Foto: Norbert Widera)<\/figcaption><\/figure>\n<\/div>\n\n\n<p class=\"has-text-align-center has-background\" style=\"background-color:#f7e9ee\">Zu dieser Stelle habe ich einen kleinen <a href=\"https:\/\/youtu.be\/6W5MwLL7d9Q\" target=\"_blank\" rel=\"noreferrer noopener\">&gt;&gt;Videoclip auf YouTube&lt;&lt;<\/a> hochgeladen.<\/p>\n\n\n\n<h3 class=\"wp-block-heading\"><strong>Genussvolles Ausradeln bis zum Etappenziel in Imst<\/strong><\/h3>\n\n\n\n<p>Nach der Abfahrt trafen wir unseren Wohnmobilisten, der uns dankenswerter Weise ein paar kalte Getr\u00e4nke aus dem Bordk\u00fchlschrank reichte, bevor wir uns in einem nahen Bach etwas die F\u00fc\u00dfe k\u00fchlten und den tollen, weiterhin landschaftlich einmalig sch\u00f6nen und einfach zu bew\u00e4ltigenden Weg zu unserem ersten Etappenziel nach Imst fortsetzten.<\/p>\n\n\n\n<figure class=\"wp-block-image size-large\"><a href=\"https:\/\/www.bike-guides.de\/index.php\/2023\/07\/21\/teil-2-ueber-den-alpsee-und-fernpass-nach-imst\/tag1kapelle\/\" target=\"_blank\" rel=\"noreferrer noopener\"><img loading=\"lazy\" decoding=\"async\" width=\"1024\" height=\"576\" src=\"https:\/\/www.bike-guides.de\/wp-content\/uploads\/2023\/07\/Tag1Kapelle-1024x576.jpg\" alt=\"Radfahrer vor 14 Nothelfer-Kapelle an der Via Claudia Augusta\" class=\"wp-image-1459\" srcset=\"https:\/\/www.bike-guides.de\/wp-content\/uploads\/2023\/07\/Tag1Kapelle-1024x576.jpg 1024w, https:\/\/www.bike-guides.de\/wp-content\/uploads\/2023\/07\/Tag1Kapelle-300x169.jpg 300w, https:\/\/www.bike-guides.de\/wp-content\/uploads\/2023\/07\/Tag1Kapelle-768x432.jpg 768w, https:\/\/www.bike-guides.de\/wp-content\/uploads\/2023\/07\/Tag1Kapelle.jpg 1200w\" sizes=\"auto, (max-width: 767px) 89vw, (max-width: 1000px) 54vw, (max-width: 1071px) 543px, 580px\" \/><\/a><figcaption class=\"wp-element-caption\">Immer wieder wechselnde Eindr\u00fccke und Ausblicke machen diesen Abschnitt sehr interessant. Hier die 14 Nothelfer-Kapelle<\/figcaption><\/figure>\n\n\n\n<figure class=\"wp-block-image size-large\"><a href=\"https:\/\/www.bike-guides.de\/index.php\/2023\/07\/21\/teil-2-ueber-den-alpsee-und-fernpass-nach-imst\/kleineburgt1\/\" target=\"_blank\" rel=\"noreferrer noopener\"><img loading=\"lazy\" decoding=\"async\" width=\"1024\" height=\"576\" src=\"https:\/\/www.bike-guides.de\/wp-content\/uploads\/2023\/07\/KleineBurgT1-1024x576.jpg\" alt=\"Schloss Fernsteinsee mit Radfahrerin\" class=\"wp-image-1479\" srcset=\"https:\/\/www.bike-guides.de\/wp-content\/uploads\/2023\/07\/KleineBurgT1-1024x576.jpg 1024w, https:\/\/www.bike-guides.de\/wp-content\/uploads\/2023\/07\/KleineBurgT1-300x169.jpg 300w, https:\/\/www.bike-guides.de\/wp-content\/uploads\/2023\/07\/KleineBurgT1-768x432.jpg 768w, https:\/\/www.bike-guides.de\/wp-content\/uploads\/2023\/07\/KleineBurgT1.jpg 1200w\" sizes=\"auto, (max-width: 767px) 89vw, (max-width: 1000px) 54vw, (max-width: 1071px) 543px, 580px\" \/><\/a><\/figure>\n\n\n\n<p>Der Via Claudia Augusta Radweg f\u00fchrt uns unter anderem direkt durch den Torbogen der <a href=\"https:\/\/de.wikipedia.org\/wiki\/Burg_Fernstein\">Burg Fernstein<\/a>. Das 1288 erbaute Geb\u00e4ude ist heute ein Hotel.<\/p>\n\n\n\n<p class=\"has-text-align-center has-background\" style=\"background-color:#f7e9ee\">Die WDR-Dokureihe &#8222;Wundersch\u00f6n&#8220; was hier zu Besuch:<br><a href=\"https:\/\/youtu.be\/kOlgZWzwq_8?t=2377\" target=\"_blank\" rel=\"noreferrer noopener\">&gt;HIER KLICKEN&lt;<\/a><br>um die Stelle im Beitrag auf YouTube zu sehen<\/p>\n\n\n\n<figure class=\"wp-block-image size-large\"><a href=\"https:\/\/www.bike-guides.de\/index.php\/2023\/07\/21\/teil-2-ueber-den-alpsee-und-fernpass-nach-imst\/snapshot65\/\" target=\"_blank\" rel=\"noreferrer noopener\"><img loading=\"lazy\" decoding=\"async\" width=\"1024\" height=\"576\" src=\"https:\/\/www.bike-guides.de\/wp-content\/uploads\/2023\/07\/SnapShot65-1024x576.jpg\" alt=\"Radfahrer in Berglandschaft in der N\u00e4he vom Fernpass\" class=\"wp-image-1712\" srcset=\"https:\/\/www.bike-guides.de\/wp-content\/uploads\/2023\/07\/SnapShot65-1024x576.jpg 1024w, https:\/\/www.bike-guides.de\/wp-content\/uploads\/2023\/07\/SnapShot65-300x169.jpg 300w, https:\/\/www.bike-guides.de\/wp-content\/uploads\/2023\/07\/SnapShot65-768x432.jpg 768w, https:\/\/www.bike-guides.de\/wp-content\/uploads\/2023\/07\/SnapShot65.jpg 1200w\" sizes=\"auto, (max-width: 767px) 89vw, (max-width: 1000px) 54vw, (max-width: 1071px) 543px, 580px\" \/><\/a><\/figure>\n\n\n\n<figure class=\"wp-block-image size-large\"><a href=\"https:\/\/www.bike-guides.de\/index.php\/2023\/07\/21\/teil-2-ueber-den-alpsee-und-fernpass-nach-imst\/bacht1\/\" target=\"_blank\" rel=\"noreferrer noopener\"><img loading=\"lazy\" decoding=\"async\" width=\"1024\" height=\"728\" src=\"https:\/\/www.bike-guides.de\/wp-content\/uploads\/2023\/07\/BachT1-1024x728.jpg\" alt=\"Menschen k\u00fchlen die F\u00fc\u00dfe in einem Wildbach\" class=\"wp-image-1482\" srcset=\"https:\/\/www.bike-guides.de\/wp-content\/uploads\/2023\/07\/BachT1-1024x728.jpg 1024w, https:\/\/www.bike-guides.de\/wp-content\/uploads\/2023\/07\/BachT1-300x213.jpg 300w, https:\/\/www.bike-guides.de\/wp-content\/uploads\/2023\/07\/BachT1-768x546.jpg 768w, https:\/\/www.bike-guides.de\/wp-content\/uploads\/2023\/07\/BachT1.jpg 1200w\" sizes=\"auto, (max-width: 767px) 89vw, (max-width: 1000px) 54vw, (max-width: 1071px) 543px, 580px\" \/><\/a><\/figure>\n\n\n\n<figure class=\"wp-block-image size-large\"><a href=\"https:\/\/www.bike-guides.de\/index.php\/2023\/07\/21\/teil-2-ueber-den-alpsee-und-fernpass-nach-imst\/landschaftvorimstt1\/\" target=\"_blank\" rel=\"noreferrer noopener\"><img loading=\"lazy\" decoding=\"async\" width=\"1024\" height=\"768\" src=\"https:\/\/www.bike-guides.de\/wp-content\/uploads\/2023\/07\/LandschaftvorImstT1-1024x768.jpg\" alt=\"Bergpanorama mit Gruppe Radfahrer in der N\u00e4he von Imst\" class=\"wp-image-1483\" srcset=\"https:\/\/www.bike-guides.de\/wp-content\/uploads\/2023\/07\/LandschaftvorImstT1-1024x768.jpg 1024w, https:\/\/www.bike-guides.de\/wp-content\/uploads\/2023\/07\/LandschaftvorImstT1-300x225.jpg 300w, https:\/\/www.bike-guides.de\/wp-content\/uploads\/2023\/07\/LandschaftvorImstT1-768x576.jpg 768w, https:\/\/www.bike-guides.de\/wp-content\/uploads\/2023\/07\/LandschaftvorImstT1.jpg 1200w\" sizes=\"auto, (max-width: 767px) 89vw, (max-width: 1000px) 54vw, (max-width: 1071px) 543px, 580px\" \/><\/a><figcaption class=\"wp-element-caption\">Abk\u00fchlung, Abwechslung und weiterhin tolle, atemberaubende Landschaften (Foto: Norbert Widera)<\/figcaption><\/figure>\n\n\n\n<p>Ein wundersch\u00f6ner erster Etappentag ging mit einem gem\u00fctlichen Abendessen in unser Unterkunft zu Ende. Wir waren gl\u00fccklich, und die Bilder wirkten noch lange nach. <\/p>\n\n\n\n<p>Hier weiterlesen:<br><a href=\"https:\/\/www.bike-guides.de\/index.php\/2023\/07\/22\/teil-3-regeneratives-ausschuetteln-der-beine-zwischen-imst-und-pfunds\/\">Teil 3: Regeneratives Aussch\u00fctteln der Beine zwischen Imst und Pfunds<\/a><\/p>\n\n\n\n<p>Zum vorherigen Teil dieses Reiseberichtes:<br><a href=\"https:\/\/www.bike-guides.de\/index.php\/2023\/07\/20\/alpenueberquerung-von-fuessen-bis-zum-gardasee\/\">Teil 1 &#8211; Planung und Organisation<\/a><\/p>\n\n\n<div class=\"wp-block-image\">\n<figure class=\"alignleft size-full\"><a href=\"https:\/\/www.bike-guides.de\"><img loading=\"lazy\" decoding=\"async\" width=\"200\" height=\"257\" src=\"https:\/\/www.bike-guides.de\/wp-content\/uploads\/2022\/10\/Motto-Logo-e1665597120190.png\" alt=\"Logo Bike-Guides\" class=\"wp-image-189\"\/><\/a><\/figure>\n<\/div>","protected":false},"excerpt":{"rendered":"<p>Alpen\u00fcberquerung von F\u00fcssen zum Gardasee<\/p>\n","protected":false},"author":1,"featured_media":1442,"comment_status":"open","ping_status":"closed","sticky":false,"template":"","format":"standard","meta":{"jetpack_post_was_ever_published":false,"_jetpack_newsletter_access":"","_jetpack_dont_email_post_to_subs":false,"_jetpack_newsletter_tier_id":0,"_jetpack_memberships_contains_paywalled_content":false,"_jetpack_memberships_contains_paid_content":false,"footnotes":""},"categories":[12],"tags":[42,41,44],"class_list":["post-1440","post","type-post","status-publish","format-standard","has-post-thumbnail","hentry","category-berichte-touren-e-mountainbike","tag-alpencross","tag-alpenueberquerung","tag-via-claudia-augusta"],"yoast_head":"<!-- This site is optimized with the Yoast SEO plugin v27.5 - https:\/\/yoast.com\/product\/yoast-seo-wordpress\/ -->\n<title>Von F\u00fcssen \u00fcber Fernpass nach Imst - Alpen\u00fcberquerung F\u00fcssen-Gardasee, Teil 2<\/title>\n<meta name=\"description\" content=\"Mit der ersten Etappe startet die Reise auf der Via Claudia Augusta hoch zum Fernpass von F\u00fcssen aus nach Imst.\" \/>\n<meta name=\"robots\" content=\"index, follow, max-snippet:-1, max-image-preview:large, max-video-preview:-1\" \/>\n<link rel=\"canonical\" href=\"https:\/\/www.bike-guides.de\/index.php\/2023\/07\/21\/teil-2-ueber-den-alpsee-und-fernpass-nach-imst\/\" \/>\n<meta property=\"og:locale\" content=\"de_DE\" \/>\n<meta property=\"og:type\" content=\"article\" \/>\n<meta property=\"og:title\" content=\"Von F\u00fcssen \u00fcber Fernpass nach Imst - Alpen\u00fcberquerung F\u00fcssen-Gardasee, Teil 2\" \/>\n<meta property=\"og:description\" content=\"Mit der ersten Etappe startet die Reise auf der Via Claudia Augusta hoch zum Fernpass von F\u00fcssen aus nach Imst.\" \/>\n<meta property=\"og:url\" content=\"https:\/\/www.bike-guides.de\/index.php\/2023\/07\/21\/teil-2-ueber-den-alpsee-und-fernpass-nach-imst\/\" \/>\n<meta property=\"og:site_name\" content=\"Bike-Guides Weinheim\" \/>\n<meta property=\"article:published_time\" content=\"2023-07-21T12:29:06+00:00\" \/>\n<meta property=\"article:modified_time\" content=\"2023-08-03T11:47:38+00:00\" \/>\n<meta property=\"og:image\" content=\"https:\/\/www.bike-guides.de\/wp-content\/uploads\/2023\/07\/Titel-t2.jpg\" \/>\n\t<meta property=\"og:image:width\" content=\"2000\" \/>\n\t<meta property=\"og:image:height\" content=\"1125\" \/>\n\t<meta property=\"og:image:type\" content=\"image\/jpeg\" \/>\n<meta name=\"author\" content=\"Andreas\" \/>\n<meta name=\"twitter:card\" content=\"summary_large_image\" \/>\n<meta name=\"twitter:label1\" content=\"Verfasst von\" \/>\n\t<meta name=\"twitter:data1\" content=\"Andreas\" \/>\n\t<meta name=\"twitter:label2\" content=\"Gesch\u00e4tzte Lesezeit\" \/>\n\t<meta name=\"twitter:data2\" content=\"9\u00a0Minuten\" \/>\n<script type=\"application\/ld+json\" class=\"yoast-schema-graph\">{\"@context\":\"https:\\\/\\\/schema.org\",\"@graph\":[{\"@type\":\"Article\",\"@id\":\"https:\\\/\\\/www.bike-guides.de\\\/index.php\\\/2023\\\/07\\\/21\\\/teil-2-ueber-den-alpsee-und-fernpass-nach-imst\\\/#article\",\"isPartOf\":{\"@id\":\"https:\\\/\\\/www.bike-guides.de\\\/index.php\\\/2023\\\/07\\\/21\\\/teil-2-ueber-den-alpsee-und-fernpass-nach-imst\\\/\"},\"author\":{\"name\":\"Andreas\",\"@id\":\"https:\\\/\\\/www.bike-guides.de\\\/#\\\/schema\\\/person\\\/b07147582d70a37352e01d7136769651\"},\"headline\":\"Teil 2: \u00dcber den Alpsee und Fernpa\u00df nach Imst\",\"datePublished\":\"2023-07-21T12:29:06+00:00\",\"dateModified\":\"2023-08-03T11:47:38+00:00\",\"mainEntityOfPage\":{\"@id\":\"https:\\\/\\\/www.bike-guides.de\\\/index.php\\\/2023\\\/07\\\/21\\\/teil-2-ueber-den-alpsee-und-fernpass-nach-imst\\\/\"},\"wordCount\":1013,\"commentCount\":0,\"publisher\":{\"@id\":\"https:\\\/\\\/www.bike-guides.de\\\/#organization\"},\"image\":{\"@id\":\"https:\\\/\\\/www.bike-guides.de\\\/index.php\\\/2023\\\/07\\\/21\\\/teil-2-ueber-den-alpsee-und-fernpass-nach-imst\\\/#primaryimage\"},\"thumbnailUrl\":\"https:\\\/\\\/www.bike-guides.de\\\/wp-content\\\/uploads\\\/2023\\\/07\\\/Titel-t2.jpg\",\"keywords\":[\"Alpencross\",\"Alpen\u00fcberquerung\",\"Via Claudia Augusta\"],\"articleSection\":[\"Tourberichte\"],\"inLanguage\":\"de\",\"potentialAction\":[{\"@type\":\"CommentAction\",\"name\":\"Comment\",\"target\":[\"https:\\\/\\\/www.bike-guides.de\\\/index.php\\\/2023\\\/07\\\/21\\\/teil-2-ueber-den-alpsee-und-fernpass-nach-imst\\\/#respond\"]}]},{\"@type\":\"WebPage\",\"@id\":\"https:\\\/\\\/www.bike-guides.de\\\/index.php\\\/2023\\\/07\\\/21\\\/teil-2-ueber-den-alpsee-und-fernpass-nach-imst\\\/\",\"url\":\"https:\\\/\\\/www.bike-guides.de\\\/index.php\\\/2023\\\/07\\\/21\\\/teil-2-ueber-den-alpsee-und-fernpass-nach-imst\\\/\",\"name\":\"Von F\u00fcssen \u00fcber Fernpass nach Imst - Alpen\u00fcberquerung F\u00fcssen-Gardasee, Teil 2\",\"isPartOf\":{\"@id\":\"https:\\\/\\\/www.bike-guides.de\\\/#website\"},\"primaryImageOfPage\":{\"@id\":\"https:\\\/\\\/www.bike-guides.de\\\/index.php\\\/2023\\\/07\\\/21\\\/teil-2-ueber-den-alpsee-und-fernpass-nach-imst\\\/#primaryimage\"},\"image\":{\"@id\":\"https:\\\/\\\/www.bike-guides.de\\\/index.php\\\/2023\\\/07\\\/21\\\/teil-2-ueber-den-alpsee-und-fernpass-nach-imst\\\/#primaryimage\"},\"thumbnailUrl\":\"https:\\\/\\\/www.bike-guides.de\\\/wp-content\\\/uploads\\\/2023\\\/07\\\/Titel-t2.jpg\",\"datePublished\":\"2023-07-21T12:29:06+00:00\",\"dateModified\":\"2023-08-03T11:47:38+00:00\",\"description\":\"Mit der ersten Etappe startet die Reise auf der Via Claudia Augusta hoch zum Fernpass von F\u00fcssen aus nach Imst.\",\"breadcrumb\":{\"@id\":\"https:\\\/\\\/www.bike-guides.de\\\/index.php\\\/2023\\\/07\\\/21\\\/teil-2-ueber-den-alpsee-und-fernpass-nach-imst\\\/#breadcrumb\"},\"inLanguage\":\"de\",\"potentialAction\":[{\"@type\":\"ReadAction\",\"target\":[\"https:\\\/\\\/www.bike-guides.de\\\/index.php\\\/2023\\\/07\\\/21\\\/teil-2-ueber-den-alpsee-und-fernpass-nach-imst\\\/\"]}]},{\"@type\":\"ImageObject\",\"inLanguage\":\"de\",\"@id\":\"https:\\\/\\\/www.bike-guides.de\\\/index.php\\\/2023\\\/07\\\/21\\\/teil-2-ueber-den-alpsee-und-fernpass-nach-imst\\\/#primaryimage\",\"url\":\"https:\\\/\\\/www.bike-guides.de\\\/wp-content\\\/uploads\\\/2023\\\/07\\\/Titel-t2.jpg\",\"contentUrl\":\"https:\\\/\\\/www.bike-guides.de\\\/wp-content\\\/uploads\\\/2023\\\/07\\\/Titel-t2.jpg\",\"width\":2000,\"height\":1125,\"caption\":\"Radfahrerin vor Bergpanorama kur vor Imst auf Via Claudia Augusta Radweg\"},{\"@type\":\"BreadcrumbList\",\"@id\":\"https:\\\/\\\/www.bike-guides.de\\\/index.php\\\/2023\\\/07\\\/21\\\/teil-2-ueber-den-alpsee-und-fernpass-nach-imst\\\/#breadcrumb\",\"itemListElement\":[{\"@type\":\"ListItem\",\"position\":1,\"name\":\"Startseite\",\"item\":\"https:\\\/\\\/www.bike-guides.de\\\/\"},{\"@type\":\"ListItem\",\"position\":2,\"name\":\"Teil 2: \u00dcber den Alpsee und Fernpa\u00df nach Imst\"}]},{\"@type\":\"WebSite\",\"@id\":\"https:\\\/\\\/www.bike-guides.de\\\/#website\",\"url\":\"https:\\\/\\\/www.bike-guides.de\\\/\",\"name\":\"Bike-Guides Weinheim\",\"description\":\"Gef\u00fchrte Touren und Events mit dem E-Mountainbike im Odenwald\",\"publisher\":{\"@id\":\"https:\\\/\\\/www.bike-guides.de\\\/#organization\"},\"potentialAction\":[{\"@type\":\"SearchAction\",\"target\":{\"@type\":\"EntryPoint\",\"urlTemplate\":\"https:\\\/\\\/www.bike-guides.de\\\/?s={search_term_string}\"},\"query-input\":{\"@type\":\"PropertyValueSpecification\",\"valueRequired\":true,\"valueName\":\"search_term_string\"}}],\"inLanguage\":\"de\"},{\"@type\":\"Organization\",\"@id\":\"https:\\\/\\\/www.bike-guides.de\\\/#organization\",\"name\":\"Bike-Guides Weinheim\",\"url\":\"https:\\\/\\\/www.bike-guides.de\\\/\",\"logo\":{\"@type\":\"ImageObject\",\"inLanguage\":\"de\",\"@id\":\"https:\\\/\\\/www.bike-guides.de\\\/#\\\/schema\\\/logo\\\/image\\\/\",\"url\":\"https:\\\/\\\/www.bike-guides.de\\\/wp-content\\\/uploads\\\/2022\\\/10\\\/cropped-logo-wei-wei.png\",\"contentUrl\":\"https:\\\/\\\/www.bike-guides.de\\\/wp-content\\\/uploads\\\/2022\\\/10\\\/cropped-logo-wei-wei.png\",\"width\":313,\"height\":250,\"caption\":\"Bike-Guides Weinheim\"},\"image\":{\"@id\":\"https:\\\/\\\/www.bike-guides.de\\\/#\\\/schema\\\/logo\\\/image\\\/\"}},{\"@type\":\"Person\",\"@id\":\"https:\\\/\\\/www.bike-guides.de\\\/#\\\/schema\\\/person\\\/b07147582d70a37352e01d7136769651\",\"name\":\"Andreas\",\"image\":{\"@type\":\"ImageObject\",\"inLanguage\":\"de\",\"@id\":\"https:\\\/\\\/www.bike-guides.de\\\/wp-content\\\/uploads\\\/2022\\\/10\\\/cropped-favicon-gr-e1665173137910-96x96.jpg\",\"url\":\"https:\\\/\\\/www.bike-guides.de\\\/wp-content\\\/uploads\\\/2022\\\/10\\\/cropped-favicon-gr-e1665173137910-96x96.jpg\",\"contentUrl\":\"https:\\\/\\\/www.bike-guides.de\\\/wp-content\\\/uploads\\\/2022\\\/10\\\/cropped-favicon-gr-e1665173137910-96x96.jpg\",\"caption\":\"Andreas\"},\"sameAs\":[\"https:\\\/\\\/www.bike-guides.de\"],\"url\":\"https:\\\/\\\/www.bike-guides.de\\\/index.php\\\/author\\\/apatolla_2wy5gpqk\\\/\"}]}<\/script>\n<!-- \/ Yoast SEO plugin. -->","yoast_head_json":{"title":"Von F\u00fcssen \u00fcber Fernpass nach Imst - Alpen\u00fcberquerung F\u00fcssen-Gardasee, Teil 2","description":"Mit der ersten Etappe startet die Reise auf der Via Claudia Augusta hoch zum Fernpass von F\u00fcssen aus nach Imst.","robots":{"index":"index","follow":"follow","max-snippet":"max-snippet:-1","max-image-preview":"max-image-preview:large","max-video-preview":"max-video-preview:-1"},"canonical":"https:\/\/www.bike-guides.de\/index.php\/2023\/07\/21\/teil-2-ueber-den-alpsee-und-fernpass-nach-imst\/","og_locale":"de_DE","og_type":"article","og_title":"Von F\u00fcssen \u00fcber Fernpass nach Imst - Alpen\u00fcberquerung F\u00fcssen-Gardasee, Teil 2","og_description":"Mit der ersten Etappe startet die Reise auf der Via Claudia Augusta hoch zum Fernpass von F\u00fcssen aus nach Imst.","og_url":"https:\/\/www.bike-guides.de\/index.php\/2023\/07\/21\/teil-2-ueber-den-alpsee-und-fernpass-nach-imst\/","og_site_name":"Bike-Guides Weinheim","article_published_time":"2023-07-21T12:29:06+00:00","article_modified_time":"2023-08-03T11:47:38+00:00","og_image":[{"width":2000,"height":1125,"url":"https:\/\/www.bike-guides.de\/wp-content\/uploads\/2023\/07\/Titel-t2.jpg","type":"image\/jpeg"}],"author":"Andreas","twitter_card":"summary_large_image","twitter_misc":{"Verfasst von":"Andreas","Gesch\u00e4tzte Lesezeit":"9\u00a0Minuten"},"schema":{"@context":"https:\/\/schema.org","@graph":[{"@type":"Article","@id":"https:\/\/www.bike-guides.de\/index.php\/2023\/07\/21\/teil-2-ueber-den-alpsee-und-fernpass-nach-imst\/#article","isPartOf":{"@id":"https:\/\/www.bike-guides.de\/index.php\/2023\/07\/21\/teil-2-ueber-den-alpsee-und-fernpass-nach-imst\/"},"author":{"name":"Andreas","@id":"https:\/\/www.bike-guides.de\/#\/schema\/person\/b07147582d70a37352e01d7136769651"},"headline":"Teil 2: \u00dcber den Alpsee und Fernpa\u00df nach Imst","datePublished":"2023-07-21T12:29:06+00:00","dateModified":"2023-08-03T11:47:38+00:00","mainEntityOfPage":{"@id":"https:\/\/www.bike-guides.de\/index.php\/2023\/07\/21\/teil-2-ueber-den-alpsee-und-fernpass-nach-imst\/"},"wordCount":1013,"commentCount":0,"publisher":{"@id":"https:\/\/www.bike-guides.de\/#organization"},"image":{"@id":"https:\/\/www.bike-guides.de\/index.php\/2023\/07\/21\/teil-2-ueber-den-alpsee-und-fernpass-nach-imst\/#primaryimage"},"thumbnailUrl":"https:\/\/www.bike-guides.de\/wp-content\/uploads\/2023\/07\/Titel-t2.jpg","keywords":["Alpencross","Alpen\u00fcberquerung","Via Claudia Augusta"],"articleSection":["Tourberichte"],"inLanguage":"de","potentialAction":[{"@type":"CommentAction","name":"Comment","target":["https:\/\/www.bike-guides.de\/index.php\/2023\/07\/21\/teil-2-ueber-den-alpsee-und-fernpass-nach-imst\/#respond"]}]},{"@type":"WebPage","@id":"https:\/\/www.bike-guides.de\/index.php\/2023\/07\/21\/teil-2-ueber-den-alpsee-und-fernpass-nach-imst\/","url":"https:\/\/www.bike-guides.de\/index.php\/2023\/07\/21\/teil-2-ueber-den-alpsee-und-fernpass-nach-imst\/","name":"Von F\u00fcssen \u00fcber Fernpass nach Imst - Alpen\u00fcberquerung F\u00fcssen-Gardasee, Teil 2","isPartOf":{"@id":"https:\/\/www.bike-guides.de\/#website"},"primaryImageOfPage":{"@id":"https:\/\/www.bike-guides.de\/index.php\/2023\/07\/21\/teil-2-ueber-den-alpsee-und-fernpass-nach-imst\/#primaryimage"},"image":{"@id":"https:\/\/www.bike-guides.de\/index.php\/2023\/07\/21\/teil-2-ueber-den-alpsee-und-fernpass-nach-imst\/#primaryimage"},"thumbnailUrl":"https:\/\/www.bike-guides.de\/wp-content\/uploads\/2023\/07\/Titel-t2.jpg","datePublished":"2023-07-21T12:29:06+00:00","dateModified":"2023-08-03T11:47:38+00:00","description":"Mit der ersten Etappe startet die Reise auf der Via Claudia Augusta hoch zum Fernpass von F\u00fcssen aus nach Imst.","breadcrumb":{"@id":"https:\/\/www.bike-guides.de\/index.php\/2023\/07\/21\/teil-2-ueber-den-alpsee-und-fernpass-nach-imst\/#breadcrumb"},"inLanguage":"de","potentialAction":[{"@type":"ReadAction","target":["https:\/\/www.bike-guides.de\/index.php\/2023\/07\/21\/teil-2-ueber-den-alpsee-und-fernpass-nach-imst\/"]}]},{"@type":"ImageObject","inLanguage":"de","@id":"https:\/\/www.bike-guides.de\/index.php\/2023\/07\/21\/teil-2-ueber-den-alpsee-und-fernpass-nach-imst\/#primaryimage","url":"https:\/\/www.bike-guides.de\/wp-content\/uploads\/2023\/07\/Titel-t2.jpg","contentUrl":"https:\/\/www.bike-guides.de\/wp-content\/uploads\/2023\/07\/Titel-t2.jpg","width":2000,"height":1125,"caption":"Radfahrerin vor Bergpanorama kur vor Imst auf Via Claudia Augusta Radweg"},{"@type":"BreadcrumbList","@id":"https:\/\/www.bike-guides.de\/index.php\/2023\/07\/21\/teil-2-ueber-den-alpsee-und-fernpass-nach-imst\/#breadcrumb","itemListElement":[{"@type":"ListItem","position":1,"name":"Startseite","item":"https:\/\/www.bike-guides.de\/"},{"@type":"ListItem","position":2,"name":"Teil 2: \u00dcber den Alpsee und Fernpa\u00df nach Imst"}]},{"@type":"WebSite","@id":"https:\/\/www.bike-guides.de\/#website","url":"https:\/\/www.bike-guides.de\/","name":"Bike-Guides Weinheim","description":"Gef\u00fchrte Touren und Events mit dem E-Mountainbike im Odenwald","publisher":{"@id":"https:\/\/www.bike-guides.de\/#organization"},"potentialAction":[{"@type":"SearchAction","target":{"@type":"EntryPoint","urlTemplate":"https:\/\/www.bike-guides.de\/?s={search_term_string}"},"query-input":{"@type":"PropertyValueSpecification","valueRequired":true,"valueName":"search_term_string"}}],"inLanguage":"de"},{"@type":"Organization","@id":"https:\/\/www.bike-guides.de\/#organization","name":"Bike-Guides Weinheim","url":"https:\/\/www.bike-guides.de\/","logo":{"@type":"ImageObject","inLanguage":"de","@id":"https:\/\/www.bike-guides.de\/#\/schema\/logo\/image\/","url":"https:\/\/www.bike-guides.de\/wp-content\/uploads\/2022\/10\/cropped-logo-wei-wei.png","contentUrl":"https:\/\/www.bike-guides.de\/wp-content\/uploads\/2022\/10\/cropped-logo-wei-wei.png","width":313,"height":250,"caption":"Bike-Guides Weinheim"},"image":{"@id":"https:\/\/www.bike-guides.de\/#\/schema\/logo\/image\/"}},{"@type":"Person","@id":"https:\/\/www.bike-guides.de\/#\/schema\/person\/b07147582d70a37352e01d7136769651","name":"Andreas","image":{"@type":"ImageObject","inLanguage":"de","@id":"https:\/\/www.bike-guides.de\/wp-content\/uploads\/2022\/10\/cropped-favicon-gr-e1665173137910-96x96.jpg","url":"https:\/\/www.bike-guides.de\/wp-content\/uploads\/2022\/10\/cropped-favicon-gr-e1665173137910-96x96.jpg","contentUrl":"https:\/\/www.bike-guides.de\/wp-content\/uploads\/2022\/10\/cropped-favicon-gr-e1665173137910-96x96.jpg","caption":"Andreas"},"sameAs":["https:\/\/www.bike-guides.de"],"url":"https:\/\/www.bike-guides.de\/index.php\/author\/apatolla_2wy5gpqk\/"}]}},"jetpack_sharing_enabled":true,"jetpack_featured_media_url":"https:\/\/www.bike-guides.de\/wp-content\/uploads\/2023\/07\/Titel-t2.jpg","_links":{"self":[{"href":"https:\/\/www.bike-guides.de\/index.php\/wp-json\/wp\/v2\/posts\/1440","targetHints":{"allow":["GET"]}}],"collection":[{"href":"https:\/\/www.bike-guides.de\/index.php\/wp-json\/wp\/v2\/posts"}],"about":[{"href":"https:\/\/www.bike-guides.de\/index.php\/wp-json\/wp\/v2\/types\/post"}],"author":[{"embeddable":true,"href":"https:\/\/www.bike-guides.de\/index.php\/wp-json\/wp\/v2\/users\/1"}],"replies":[{"embeddable":true,"href":"https:\/\/www.bike-guides.de\/index.php\/wp-json\/wp\/v2\/comments?post=1440"}],"version-history":[{"count":72,"href":"https:\/\/www.bike-guides.de\/index.php\/wp-json\/wp\/v2\/posts\/1440\/revisions"}],"predecessor-version":[{"id":2629,"href":"https:\/\/www.bike-guides.de\/index.php\/wp-json\/wp\/v2\/posts\/1440\/revisions\/2629"}],"wp:featuredmedia":[{"embeddable":true,"href":"https:\/\/www.bike-guides.de\/index.php\/wp-json\/wp\/v2\/media\/1442"}],"wp:attachment":[{"href":"https:\/\/www.bike-guides.de\/index.php\/wp-json\/wp\/v2\/media?parent=1440"}],"wp:term":[{"taxonomy":"category","embeddable":true,"href":"https:\/\/www.bike-guides.de\/index.php\/wp-json\/wp\/v2\/categories?post=1440"},{"taxonomy":"post_tag","embeddable":true,"href":"https:\/\/www.bike-guides.de\/index.php\/wp-json\/wp\/v2\/tags?post=1440"}],"curies":[{"name":"wp","href":"https:\/\/api.w.org\/{rel}","templated":true}]}}