{"id":1144,"date":"2023-03-13T15:34:06","date_gmt":"2023-03-13T14:34:06","guid":{"rendered":"https:\/\/www.bike-guides.de\/?p=1144"},"modified":"2025-04-01T14:11:46","modified_gmt":"2025-04-01T12:11:46","slug":"after-work-radeln-in-netter-gesellschaft","status":"publish","type":"post","link":"https:\/\/www.bike-guides.de\/index.php\/2023\/03\/13\/after-work-radeln-in-netter-gesellschaft\/","title":{"rendered":"After-Work-Radeln in netter Gesellschaft"},"content":{"rendered":"\n<p><strong>Lass den Alltag hinter dir und tanke Kraft in der Natur mit uns &#8211; bei einer kleinen E-Mountainbiketour nach Feierabend.<\/strong><\/p>\n\n\n\n<!--more-->\n\n\n\n<p>Wir wollen Radler aus der Region zusammenbringen, vielleicht entsteht daraus eine nette kleine Gemeinschaft. Auch in der Saison 2025 wird es den inzwischen beliebten Treff immer an zwei mal monatlich geben (siehe Termine weiter unten in diesem Artikel). Feier mit uns die Wochenmitte mit einer entspannten Tour in die wundersch\u00f6ne Weinheimer Umgebung, je zweimal im Monat Mittwochs von April bis September.<\/p>\n\n\n\n<figure class=\"wp-block-gallery aligncenter has-nested-images columns-default is-cropped wp-block-gallery-1 is-layout-flex wp-block-gallery-is-layout-flex\">\n<figure class=\"wp-block-image size-full\"><a href=\"https:\/\/www.bike-guides.de\/index.php\/2022\/10\/16\/burgen-tour-mit-mountainbikes-bis-ans-ende-der-welt\/gruppe-besprechung\/\" target=\"_blank\" rel=\"noreferrer noopener\"><img loading=\"lazy\" decoding=\"async\" width=\"400\" height=\"300\" data-id=\"423\" src=\"https:\/\/www.bike-guides.de\/wp-content\/uploads\/2022\/10\/Gruppe-besprechung.jpg\" alt=\"Gruppe Mountainbike sieht in die Ferne\" class=\"wp-image-423\" title=\"Gruppe Mountainbike\" srcset=\"https:\/\/www.bike-guides.de\/wp-content\/uploads\/2022\/10\/Gruppe-besprechung.jpg 400w, https:\/\/www.bike-guides.de\/wp-content\/uploads\/2022\/10\/Gruppe-besprechung-300x225.jpg 300w\" sizes=\"auto, (max-width: 400px) 100vw, 400px\" \/><\/a><\/figure>\n\n\n\n<figure class=\"wp-block-image size-full\"><a href=\"https:\/\/www.bike-guides.de\/index.php\/2023\/03\/13\/after-work-radeln-in-netter-gesellschaft\/vierbiker\/\" target=\"_blank\" rel=\"noreferrer noopener\"><img loading=\"lazy\" decoding=\"async\" width=\"1400\" height=\"842\" data-id=\"2391\" src=\"https:\/\/www.bike-guides.de\/wp-content\/uploads\/2023\/03\/vierbiker.jpg\" alt=\"Vier Mountainbiker auf gemeinsamer Tour\" class=\"wp-image-2391\" srcset=\"https:\/\/www.bike-guides.de\/wp-content\/uploads\/2023\/03\/vierbiker.jpg 1400w, https:\/\/www.bike-guides.de\/wp-content\/uploads\/2023\/03\/vierbiker-300x180.jpg 300w, https:\/\/www.bike-guides.de\/wp-content\/uploads\/2023\/03\/vierbiker-1024x616.jpg 1024w, https:\/\/www.bike-guides.de\/wp-content\/uploads\/2023\/03\/vierbiker-768x462.jpg 768w\" sizes=\"auto, (max-width: 767px) 89vw, (max-width: 1000px) 54vw, (max-width: 1071px) 543px, 580px\" \/><\/a><\/figure>\n\n\n\n<figure class=\"wp-block-image size-full\"><a href=\"https:\/\/www.bike-guides.de\/index.php\/wie-ihr-uns-wahrnehmt\/20230405_144841147_ios-1\/\" target=\"_blank\" rel=\"noreferrer noopener\"><img loading=\"lazy\" decoding=\"async\" width=\"999\" height=\"1333\" data-id=\"1397\" src=\"https:\/\/www.bike-guides.de\/wp-content\/uploads\/2023\/04\/20230405_144841147_iOS-1.jpg\" alt=\"Mountainbike liegt im Wald\" class=\"wp-image-1397\" srcset=\"https:\/\/www.bike-guides.de\/wp-content\/uploads\/2023\/04\/20230405_144841147_iOS-1.jpg 999w, https:\/\/www.bike-guides.de\/wp-content\/uploads\/2023\/04\/20230405_144841147_iOS-1-225x300.jpg 225w, https:\/\/www.bike-guides.de\/wp-content\/uploads\/2023\/04\/20230405_144841147_iOS-1-767x1024.jpg 767w, https:\/\/www.bike-guides.de\/wp-content\/uploads\/2023\/04\/20230405_144841147_iOS-1-768x1025.jpg 768w\" sizes=\"auto, (max-width: 767px) 89vw, (max-width: 1000px) 54vw, (max-width: 1071px) 543px, 580px\" \/><\/a><\/figure>\n\n\n\n<figure class=\"wp-block-image size-full\"><a href=\"https:\/\/www.bike-guides.de\/paar\/\" target=\"_blank\" rel=\"noreferrer noopener\"><img loading=\"lazy\" decoding=\"async\" width=\"2000\" height=\"1267\" data-id=\"1259\" src=\"https:\/\/www.bike-guides.de\/wp-content\/uploads\/2023\/03\/paar.jpg\" alt=\"Paar mit Mountainbikes\" class=\"wp-image-1259\" srcset=\"https:\/\/www.bike-guides.de\/wp-content\/uploads\/2023\/03\/paar.jpg 2000w, https:\/\/www.bike-guides.de\/wp-content\/uploads\/2023\/03\/paar-300x190.jpg 300w, https:\/\/www.bike-guides.de\/wp-content\/uploads\/2023\/03\/paar-1024x649.jpg 1024w, https:\/\/www.bike-guides.de\/wp-content\/uploads\/2023\/03\/paar-768x487.jpg 768w, https:\/\/www.bike-guides.de\/wp-content\/uploads\/2023\/03\/paar-1536x973.jpg 1536w\" sizes=\"auto, (max-width: 767px) 89vw, (max-width: 1000px) 54vw, (max-width: 1071px) 543px, 580px\" \/><\/a><\/figure>\n\n\n\n<figure class=\"wp-block-image size-full\"><a href=\"https:\/\/www.bike-guides.de\/alex-korr\/\" target=\"_blank\" rel=\"noreferrer noopener\"><img loading=\"lazy\" decoding=\"async\" width=\"2000\" height=\"1125\" data-id=\"1252\" src=\"https:\/\/www.bike-guides.de\/wp-content\/uploads\/2023\/03\/Alex-korr-scaled-e1680470231626.jpg\" alt=\"Mountainbiker reisst die Arme hoch und freut sich\" class=\"wp-image-1252\" srcset=\"https:\/\/www.bike-guides.de\/wp-content\/uploads\/2023\/03\/Alex-korr-scaled-e1680470231626.jpg 2000w, https:\/\/www.bike-guides.de\/wp-content\/uploads\/2023\/03\/Alex-korr-scaled-e1680470231626-300x169.jpg 300w, https:\/\/www.bike-guides.de\/wp-content\/uploads\/2023\/03\/Alex-korr-scaled-e1680470231626-1024x576.jpg 1024w, https:\/\/www.bike-guides.de\/wp-content\/uploads\/2023\/03\/Alex-korr-scaled-e1680470231626-768x432.jpg 768w, https:\/\/www.bike-guides.de\/wp-content\/uploads\/2023\/03\/Alex-korr-scaled-e1680470231626-1536x864.jpg 1536w\" sizes=\"auto, (max-width: 767px) 89vw, (max-width: 1000px) 54vw, (max-width: 1071px) 543px, 580px\" \/><\/a><\/figure>\n<\/figure>\n\n\n\n<p><strong>Zu den Fakten:<\/strong><\/p>\n\n\n\n<p>Kleine Feierabendrunde, ca. 1,5 &#8211; 2 h nach Lust und Laune, anschlie\u00dfende Einkehr auf ein Erfrischungsgetr\u00e4nk nicht ausgeschlossen.<\/p>\n\n\n\n<p>Leichte Flowtrails, Ziel ist wie bei allen unseren Touren Spa\u00df f\u00fcr alle &#8211; Anf\u00e4nger willkommen, <a href=\"https:\/\/www.singletrail-skala.de\/\" target=\"_blank\" rel=\"noreferrer noopener\">Schwierigkeitsgrad S0-S1<\/a> &#8211; nach Absprache mit der Gruppe sieht man dann wohin es uns f\u00fchrt.<\/p>\n\n\n\n<figure class=\"wp-block-image size-large\"><a href=\"https:\/\/www.bike-guides.de\/index.php\/2023\/03\/13\/after-work-radeln-in-netter-gesellschaft\/abfahrt\/\" target=\"_blank\" rel=\"noreferrer noopener\"><img loading=\"lazy\" decoding=\"async\" width=\"1024\" height=\"633\" src=\"https:\/\/www.bike-guides.de\/wp-content\/uploads\/2023\/07\/abfahrt-1024x633.jpg\" alt=\"Gruppe E-Mountainbiker auf einem leichten S1-Trails im Odenwald auf einer Feierabendrunde\" class=\"wp-image-2403\" srcset=\"https:\/\/www.bike-guides.de\/wp-content\/uploads\/2023\/07\/abfahrt-1024x633.jpg 1024w, https:\/\/www.bike-guides.de\/wp-content\/uploads\/2023\/07\/abfahrt-300x185.jpg 300w, https:\/\/www.bike-guides.de\/wp-content\/uploads\/2023\/07\/abfahrt-768x475.jpg 768w, https:\/\/www.bike-guides.de\/wp-content\/uploads\/2023\/07\/abfahrt.jpg 1400w\" sizes=\"auto, (max-width: 767px) 89vw, (max-width: 1000px) 54vw, (max-width: 1071px) 543px, 580px\" \/><\/a><\/figure>\n\n\n\n<p class=\"has-background\" style=\"background-color:#f78da840\"><strong>Die Veranstaltung ist kostenlos &#8211; jede(r) ist f\u00fcr sich und sein Bike, seine Ausr\u00fcstung verantwortlich. Die Strecke wird gemeinsam festgelegt, jede(r) entscheidet selbst, ob er \/ sie Strecken bei den tagesaktuellen Konditionen befahren m\u00f6chte und verantwortet die eigene Entscheidung. Umfahrungen, leichte Varianten sind immer m\u00f6glich. Jegliche Haftung unsererseits ist ausgeschlossen.<\/strong><\/p>\n\n\n\n<p>Die Strecke ist f\u00fcr E-MTB ausgelegt, Fullys sind nicht notwendig. Wichtig sind vor allem breite Reifen mit griffigem Profil f\u00fcr unbefestigte Wege.<\/p>\n\n\n\n<p class=\"has-text-align-center has-background\" style=\"background-color:#fcb9002e\"><strong>Termine f\u00fcr die Saison 2025 (\u00c4nderungen m\u00f6glich, werden bekannt gegeben<\/strong>):<br><br><strong>2. April  &amp; 16. April<\/strong> <strong>&amp; 30. April<\/strong><br><br><strong>14. Mai &amp; 28. Mai<\/strong><br><br><strong>11. Juni &amp; 25. Juni.<\/strong><br><br><strong>9. Juli &amp; 23. Juli<\/strong><br><br><strong>6. August &amp; 20. August<\/strong><br><br><strong>3. September &amp;  17. September<\/strong><br><\/p>\n\n\n\n<p>Treffpunkt immer 18:00 Uhr am Wanderparkplatz beim Sch\u00fctzenhaus in L\u00fctzelsachsen, am Ende vom Dornbachweg, 69469 Weinheim. <\/p>\n\n\n\n<p>Vielleicht kurz auf einem beliebigen Kanal bekanntgeben, wenn jemand mitmachen m\u00f6chte, damit es nicht zu viele werden.<\/p>\n\n\n<p style=\"text-align: center;\"><div class=\"lyte-wrapper fourthree\" title=\"After-Work-Biketreff 6. Juli 2023\" style=\"width:420px;max-width:100%;margin:5px;\"><div class=\"lyMe\" id=\"WYL_pHiL10QYZKw\" itemprop=\"video\" itemscope itemtype=\"https:\/\/schema.org\/VideoObject\"><div><meta itemprop=\"thumbnailUrl\" content=\"https:\/\/i.ytimg.com\/vi\/pHiL10QYZKw\/hqdefault.jpg\" \/><meta itemprop=\"embedURL\" content=\"https:\/\/www.youtube.com\/embed\/pHiL10QYZKw\" \/><meta itemprop=\"duration\" content=\"PT3M3S\" \/><meta itemprop=\"uploadDate\" content=\"2023-07-06T21:55:47Z\" \/><\/div><div id=\"lyte_pHiL10QYZKw\" data-src=\"https:\/\/i.ytimg.com\/vi\/pHiL10QYZKw\/hqdefault.jpg\" class=\"pL\"><div class=\"tC\"><div class=\"tT\" itemprop=\"name\">After-Work-Biketreff 6. Juli 2023<\/div><\/div><div class=\"play\"><\/div><div class=\"ctrl\"><div class=\"Lctrl\"><\/div><div class=\"Rctrl\"><\/div><\/div><\/div><noscript><a href=\"https:\/\/youtu.be\/pHiL10QYZKw\" rel=\"nofollow\"><img loading=\"lazy\" decoding=\"async\" src=\"https:\/\/i.ytimg.com\/vi\/pHiL10QYZKw\/0.jpg\" alt=\"After-Work-Biketreff 6. Juli 2023\" width=\"420\" height=\"295\" \/><br \/>Dieses Video auf YouTube ansehen<\/a><\/noscript><meta itemprop=\"description\" content=\"Unser After-Work-Biketreff findet in der Regel am 1. und 3. Donnerstag im Monat statt. Eine Runde gemeinsam mit dem E-Mountainbike durch den sch\u00f6nen Odenwald drehen, Gleichgesinnte kennenlernen, Kraft in der Natur tanken - was will man mehr? Alle Infos dazu gibt es hier: https:\/\/www.bike-guides.de\/index.php\/2023\/03\/13\/after-work-radeln-in-netter-gesellschaft\/\"><\/div><\/div><div class=\"lL\" style=\"max-width:100%;width:420px;margin:5px;\"><\/div><\/p>\n\n\n<p>Wir starten einfach mal &#8211; und sehen wo das hinf\u00fchrt. Allgemeine Fragen k\u00f6nnen hier in die Kommentare geschrieben werden &#8211; wir werden auch \u00fcber die Kan\u00e4le in den sozialen Netzwerken mit euch gerne kommunizieren &#8211; folgt uns gerne:<\/p>\n\n\n\n<p class=\"has-text-align-center\"><a href=\"https:\/\/www.instagram.com\/bike_guides.de\/\">&gt;Bike-Guides auf Instagram&lt;<\/a><br><br><a href=\"https:\/\/www.facebook.com\/profile.php?id=100091285535004\">&gt;Bike-Guides auf Facebook&lt;<\/a><\/p>\n\n\n\n<figure class=\"wp-block-image size-full\"><img loading=\"lazy\" decoding=\"async\" width=\"200\" height=\"257\" src=\"https:\/\/www.bike-guides.de\/wp-content\/uploads\/2022\/10\/Motto-Logo-e1665597120190.png\" alt=\"\" class=\"wp-image-189\"\/><\/figure>\n\n\n\n<hr class=\"wp-block-separator has-alpha-channel-opacity is-style-wide\"\/>\n\n\n\n<p class=\"has-text-align-center\" style=\"font-size:16px;font-style:normal;font-weight:600\"><strong>Aktuell: Gro\u00dfes Special zu unserer Alpen\u00fcberquerung von F\u00fcssen bis zum Gardasee. Eine faszinierende Fahrradreise durch 4 L\u00e4nder.<\/strong><\/p>\n\n\n\n<figure class=\"wp-block-image size-large\"><a href=\"https:\/\/www.bike-guides.de\/index.php\/tag\/alpenueberquerung\/\"><img loading=\"lazy\" decoding=\"async\" width=\"1024\" height=\"593\" src=\"https:\/\/www.bike-guides.de\/wp-content\/uploads\/2023\/07\/Titel-2-1024x593.jpg\" alt=\"\" class=\"wp-image-2230\" srcset=\"https:\/\/www.bike-guides.de\/wp-content\/uploads\/2023\/07\/Titel-2-1024x593.jpg 1024w, https:\/\/www.bike-guides.de\/wp-content\/uploads\/2023\/07\/Titel-2-300x174.jpg 300w, https:\/\/www.bike-guides.de\/wp-content\/uploads\/2023\/07\/Titel-2-768x445.jpg 768w, https:\/\/www.bike-guides.de\/wp-content\/uploads\/2023\/07\/Titel-2-1536x889.jpg 1536w, https:\/\/www.bike-guides.de\/wp-content\/uploads\/2023\/07\/Titel-2.jpg 2000w\" sizes=\"auto, (max-width: 767px) 89vw, (max-width: 1000px) 54vw, (max-width: 1071px) 543px, 580px\" \/><\/a><\/figure>\n\n\n\n<p><a href=\"https:\/\/www.bike-guides.de\/index.php\/2023\/07\/20\/alpenueberquerung-von-fuessen-bis-zum-gardasee\/\">&gt;&gt;Hier geht es los mit dem ersten Teil&#8230;<\/a><\/p>\n","protected":false},"excerpt":{"rendered":"<p>Lass den Alltag hinter dir und tanke Kraft in der Natur mit uns &#8211; bei einer kleinen E-Mountainbiketour nach Feierabend.<\/p>\n","protected":false},"author":1,"featured_media":2388,"comment_status":"open","ping_status":"closed","sticky":false,"template":"","format":"standard","meta":{"jetpack_post_was_ever_published":false,"_jetpack_newsletter_access":"","_jetpack_dont_email_post_to_subs":false,"_jetpack_newsletter_tier_id":0,"_jetpack_memberships_contains_paywalled_content":false,"_jetpack_memberships_contains_paid_content":false,"footnotes":""},"categories":[13],"tags":[33,35,34,50,17,16],"class_list":["post-1144","post","type-post","status-publish","format-standard","has-post-thumbnail","hentry","category-aktuelles-von-bike-guides","tag-after-work","tag-e-bike-tour","tag-feierabend","tag-gefuehrte-e-bike-tour","tag-mountainbiketouren","tag-odenwald"],"yoast_head":"<!-- This site is optimized with the Yoast SEO plugin v27.5 - https:\/\/yoast.com\/product\/yoast-seo-wordpress\/ -->\n<title>After-Work-Radeln in netter Gesellschaft - Bike-Guides Weinheim<\/title>\n<meta name=\"description\" content=\"Der Feierabend-E-Mountainbike Treff f\u00fcr die kleine gemeinsame Abendtour im vorderen Odenwald - in einer netten Gruppe gemeinsam eine Tour fahren.\" \/>\n<meta name=\"robots\" content=\"index, follow, max-snippet:-1, max-image-preview:large, max-video-preview:-1\" \/>\n<link rel=\"canonical\" href=\"https:\/\/www.bike-guides.de\/index.php\/2023\/03\/13\/after-work-radeln-in-netter-gesellschaft\/\" \/>\n<meta property=\"og:locale\" content=\"de_DE\" \/>\n<meta property=\"og:type\" content=\"article\" \/>\n<meta property=\"og:title\" content=\"After-Work-Radeln in netter Gesellschaft - Bike-Guides Weinheim\" \/>\n<meta property=\"og:description\" content=\"Der Feierabend-E-Mountainbike Treff f\u00fcr die kleine gemeinsame Abendtour im vorderen Odenwald - in einer netten Gruppe gemeinsam eine Tour fahren.\" \/>\n<meta property=\"og:url\" content=\"https:\/\/www.bike-guides.de\/index.php\/2023\/03\/13\/after-work-radeln-in-netter-gesellschaft\/\" \/>\n<meta property=\"og:site_name\" content=\"Bike-Guides Weinheim\" \/>\n<meta property=\"article:published_time\" content=\"2023-03-13T14:34:06+00:00\" \/>\n<meta property=\"article:modified_time\" content=\"2025-04-01T12:11:46+00:00\" \/>\n<meta property=\"og:image\" content=\"https:\/\/www.bike-guides.de\/wp-content\/uploads\/2023\/07\/Gruppesonne.jpg\" \/>\n\t<meta property=\"og:image:width\" content=\"2000\" \/>\n\t<meta property=\"og:image:height\" content=\"1247\" \/>\n\t<meta property=\"og:image:type\" content=\"image\/jpeg\" \/>\n<meta name=\"author\" content=\"Andreas\" \/>\n<meta name=\"twitter:card\" content=\"summary_large_image\" \/>\n<meta name=\"twitter:label1\" content=\"Verfasst von\" \/>\n\t<meta name=\"twitter:data1\" content=\"Andreas\" \/>\n\t<meta name=\"twitter:label2\" content=\"Gesch\u00e4tzte Lesezeit\" \/>\n\t<meta name=\"twitter:data2\" content=\"4\u00a0Minuten\" \/>\n<script type=\"application\/ld+json\" class=\"yoast-schema-graph\">{\"@context\":\"https:\\\/\\\/schema.org\",\"@graph\":[{\"@type\":\"Article\",\"@id\":\"https:\\\/\\\/www.bike-guides.de\\\/index.php\\\/2023\\\/03\\\/13\\\/after-work-radeln-in-netter-gesellschaft\\\/#article\",\"isPartOf\":{\"@id\":\"https:\\\/\\\/www.bike-guides.de\\\/index.php\\\/2023\\\/03\\\/13\\\/after-work-radeln-in-netter-gesellschaft\\\/\"},\"author\":{\"name\":\"Andreas\",\"@id\":\"https:\\\/\\\/www.bike-guides.de\\\/#\\\/schema\\\/person\\\/b07147582d70a37352e01d7136769651\"},\"headline\":\"After-Work-Radeln in netter Gesellschaft\",\"datePublished\":\"2023-03-13T14:34:06+00:00\",\"dateModified\":\"2025-04-01T12:11:46+00:00\",\"mainEntityOfPage\":{\"@id\":\"https:\\\/\\\/www.bike-guides.de\\\/index.php\\\/2023\\\/03\\\/13\\\/after-work-radeln-in-netter-gesellschaft\\\/\"},\"wordCount\":365,\"commentCount\":0,\"publisher\":{\"@id\":\"https:\\\/\\\/www.bike-guides.de\\\/#organization\"},\"image\":{\"@id\":\"https:\\\/\\\/www.bike-guides.de\\\/index.php\\\/2023\\\/03\\\/13\\\/after-work-radeln-in-netter-gesellschaft\\\/#primaryimage\"},\"thumbnailUrl\":\"https:\\\/\\\/www.bike-guides.de\\\/wp-content\\\/uploads\\\/2023\\\/07\\\/Gruppesonne.jpg\",\"keywords\":[\"After-Work\",\"E-Bike Tour\",\"Feierabend\",\"gef\u00fchrte e-bike tour\",\"Mountainbiketouren\",\"Odenwald\"],\"articleSection\":[\"Aktuelles\"],\"inLanguage\":\"de\",\"potentialAction\":[{\"@type\":\"CommentAction\",\"name\":\"Comment\",\"target\":[\"https:\\\/\\\/www.bike-guides.de\\\/index.php\\\/2023\\\/03\\\/13\\\/after-work-radeln-in-netter-gesellschaft\\\/#respond\"]}]},{\"@type\":\"WebPage\",\"@id\":\"https:\\\/\\\/www.bike-guides.de\\\/index.php\\\/2023\\\/03\\\/13\\\/after-work-radeln-in-netter-gesellschaft\\\/\",\"url\":\"https:\\\/\\\/www.bike-guides.de\\\/index.php\\\/2023\\\/03\\\/13\\\/after-work-radeln-in-netter-gesellschaft\\\/\",\"name\":\"After-Work-Radeln in netter Gesellschaft - Bike-Guides Weinheim\",\"isPartOf\":{\"@id\":\"https:\\\/\\\/www.bike-guides.de\\\/#website\"},\"primaryImageOfPage\":{\"@id\":\"https:\\\/\\\/www.bike-guides.de\\\/index.php\\\/2023\\\/03\\\/13\\\/after-work-radeln-in-netter-gesellschaft\\\/#primaryimage\"},\"image\":{\"@id\":\"https:\\\/\\\/www.bike-guides.de\\\/index.php\\\/2023\\\/03\\\/13\\\/after-work-radeln-in-netter-gesellschaft\\\/#primaryimage\"},\"thumbnailUrl\":\"https:\\\/\\\/www.bike-guides.de\\\/wp-content\\\/uploads\\\/2023\\\/07\\\/Gruppesonne.jpg\",\"datePublished\":\"2023-03-13T14:34:06+00:00\",\"dateModified\":\"2025-04-01T12:11:46+00:00\",\"description\":\"Der Feierabend-E-Mountainbike Treff f\u00fcr die kleine gemeinsame Abendtour im vorderen Odenwald - in einer netten Gruppe gemeinsam eine Tour fahren.\",\"breadcrumb\":{\"@id\":\"https:\\\/\\\/www.bike-guides.de\\\/index.php\\\/2023\\\/03\\\/13\\\/after-work-radeln-in-netter-gesellschaft\\\/#breadcrumb\"},\"inLanguage\":\"de\",\"potentialAction\":[{\"@type\":\"ReadAction\",\"target\":[\"https:\\\/\\\/www.bike-guides.de\\\/index.php\\\/2023\\\/03\\\/13\\\/after-work-radeln-in-netter-gesellschaft\\\/\"]}]},{\"@type\":\"ImageObject\",\"inLanguage\":\"de\",\"@id\":\"https:\\\/\\\/www.bike-guides.de\\\/index.php\\\/2023\\\/03\\\/13\\\/after-work-radeln-in-netter-gesellschaft\\\/#primaryimage\",\"url\":\"https:\\\/\\\/www.bike-guides.de\\\/wp-content\\\/uploads\\\/2023\\\/07\\\/Gruppesonne.jpg\",\"contentUrl\":\"https:\\\/\\\/www.bike-guides.de\\\/wp-content\\\/uploads\\\/2023\\\/07\\\/Gruppesonne.jpg\",\"width\":2000,\"height\":1247,\"caption\":\"Mountainbiker auf gef\u00fchrter Tour im Odenwald mit E-Bikes\"},{\"@type\":\"BreadcrumbList\",\"@id\":\"https:\\\/\\\/www.bike-guides.de\\\/index.php\\\/2023\\\/03\\\/13\\\/after-work-radeln-in-netter-gesellschaft\\\/#breadcrumb\",\"itemListElement\":[{\"@type\":\"ListItem\",\"position\":1,\"name\":\"Startseite\",\"item\":\"https:\\\/\\\/www.bike-guides.de\\\/\"},{\"@type\":\"ListItem\",\"position\":2,\"name\":\"After-Work-Radeln in netter Gesellschaft\"}]},{\"@type\":\"WebSite\",\"@id\":\"https:\\\/\\\/www.bike-guides.de\\\/#website\",\"url\":\"https:\\\/\\\/www.bike-guides.de\\\/\",\"name\":\"Bike-Guides Weinheim\",\"description\":\"Gef\u00fchrte Touren und Events mit dem E-Mountainbike im Odenwald\",\"publisher\":{\"@id\":\"https:\\\/\\\/www.bike-guides.de\\\/#organization\"},\"potentialAction\":[{\"@type\":\"SearchAction\",\"target\":{\"@type\":\"EntryPoint\",\"urlTemplate\":\"https:\\\/\\\/www.bike-guides.de\\\/?s={search_term_string}\"},\"query-input\":{\"@type\":\"PropertyValueSpecification\",\"valueRequired\":true,\"valueName\":\"search_term_string\"}}],\"inLanguage\":\"de\"},{\"@type\":\"Organization\",\"@id\":\"https:\\\/\\\/www.bike-guides.de\\\/#organization\",\"name\":\"Bike-Guides Weinheim\",\"url\":\"https:\\\/\\\/www.bike-guides.de\\\/\",\"logo\":{\"@type\":\"ImageObject\",\"inLanguage\":\"de\",\"@id\":\"https:\\\/\\\/www.bike-guides.de\\\/#\\\/schema\\\/logo\\\/image\\\/\",\"url\":\"https:\\\/\\\/www.bike-guides.de\\\/wp-content\\\/uploads\\\/2022\\\/10\\\/cropped-logo-wei-wei.png\",\"contentUrl\":\"https:\\\/\\\/www.bike-guides.de\\\/wp-content\\\/uploads\\\/2022\\\/10\\\/cropped-logo-wei-wei.png\",\"width\":313,\"height\":250,\"caption\":\"Bike-Guides Weinheim\"},\"image\":{\"@id\":\"https:\\\/\\\/www.bike-guides.de\\\/#\\\/schema\\\/logo\\\/image\\\/\"}},{\"@type\":\"Person\",\"@id\":\"https:\\\/\\\/www.bike-guides.de\\\/#\\\/schema\\\/person\\\/b07147582d70a37352e01d7136769651\",\"name\":\"Andreas\",\"image\":{\"@type\":\"ImageObject\",\"inLanguage\":\"de\",\"@id\":\"https:\\\/\\\/www.bike-guides.de\\\/wp-content\\\/uploads\\\/2022\\\/10\\\/cropped-favicon-gr-e1665173137910-96x96.jpg\",\"url\":\"https:\\\/\\\/www.bike-guides.de\\\/wp-content\\\/uploads\\\/2022\\\/10\\\/cropped-favicon-gr-e1665173137910-96x96.jpg\",\"contentUrl\":\"https:\\\/\\\/www.bike-guides.de\\\/wp-content\\\/uploads\\\/2022\\\/10\\\/cropped-favicon-gr-e1665173137910-96x96.jpg\",\"caption\":\"Andreas\"},\"sameAs\":[\"https:\\\/\\\/www.bike-guides.de\"],\"url\":\"https:\\\/\\\/www.bike-guides.de\\\/index.php\\\/author\\\/apatolla_2wy5gpqk\\\/\"}]}<\/script>\n<!-- \/ Yoast SEO plugin. -->","yoast_head_json":{"title":"After-Work-Radeln in netter Gesellschaft - Bike-Guides Weinheim","description":"Der Feierabend-E-Mountainbike Treff f\u00fcr die kleine gemeinsame Abendtour im vorderen Odenwald - in einer netten Gruppe gemeinsam eine Tour fahren.","robots":{"index":"index","follow":"follow","max-snippet":"max-snippet:-1","max-image-preview":"max-image-preview:large","max-video-preview":"max-video-preview:-1"},"canonical":"https:\/\/www.bike-guides.de\/index.php\/2023\/03\/13\/after-work-radeln-in-netter-gesellschaft\/","og_locale":"de_DE","og_type":"article","og_title":"After-Work-Radeln in netter Gesellschaft - Bike-Guides Weinheim","og_description":"Der Feierabend-E-Mountainbike Treff f\u00fcr die kleine gemeinsame Abendtour im vorderen Odenwald - in einer netten Gruppe gemeinsam eine Tour fahren.","og_url":"https:\/\/www.bike-guides.de\/index.php\/2023\/03\/13\/after-work-radeln-in-netter-gesellschaft\/","og_site_name":"Bike-Guides Weinheim","article_published_time":"2023-03-13T14:34:06+00:00","article_modified_time":"2025-04-01T12:11:46+00:00","og_image":[{"width":2000,"height":1247,"url":"https:\/\/www.bike-guides.de\/wp-content\/uploads\/2023\/07\/Gruppesonne.jpg","type":"image\/jpeg"}],"author":"Andreas","twitter_card":"summary_large_image","twitter_misc":{"Verfasst von":"Andreas","Gesch\u00e4tzte Lesezeit":"4\u00a0Minuten"},"schema":{"@context":"https:\/\/schema.org","@graph":[{"@type":"Article","@id":"https:\/\/www.bike-guides.de\/index.php\/2023\/03\/13\/after-work-radeln-in-netter-gesellschaft\/#article","isPartOf":{"@id":"https:\/\/www.bike-guides.de\/index.php\/2023\/03\/13\/after-work-radeln-in-netter-gesellschaft\/"},"author":{"name":"Andreas","@id":"https:\/\/www.bike-guides.de\/#\/schema\/person\/b07147582d70a37352e01d7136769651"},"headline":"After-Work-Radeln in netter Gesellschaft","datePublished":"2023-03-13T14:34:06+00:00","dateModified":"2025-04-01T12:11:46+00:00","mainEntityOfPage":{"@id":"https:\/\/www.bike-guides.de\/index.php\/2023\/03\/13\/after-work-radeln-in-netter-gesellschaft\/"},"wordCount":365,"commentCount":0,"publisher":{"@id":"https:\/\/www.bike-guides.de\/#organization"},"image":{"@id":"https:\/\/www.bike-guides.de\/index.php\/2023\/03\/13\/after-work-radeln-in-netter-gesellschaft\/#primaryimage"},"thumbnailUrl":"https:\/\/www.bike-guides.de\/wp-content\/uploads\/2023\/07\/Gruppesonne.jpg","keywords":["After-Work","E-Bike Tour","Feierabend","gef\u00fchrte e-bike tour","Mountainbiketouren","Odenwald"],"articleSection":["Aktuelles"],"inLanguage":"de","potentialAction":[{"@type":"CommentAction","name":"Comment","target":["https:\/\/www.bike-guides.de\/index.php\/2023\/03\/13\/after-work-radeln-in-netter-gesellschaft\/#respond"]}]},{"@type":"WebPage","@id":"https:\/\/www.bike-guides.de\/index.php\/2023\/03\/13\/after-work-radeln-in-netter-gesellschaft\/","url":"https:\/\/www.bike-guides.de\/index.php\/2023\/03\/13\/after-work-radeln-in-netter-gesellschaft\/","name":"After-Work-Radeln in netter Gesellschaft - Bike-Guides Weinheim","isPartOf":{"@id":"https:\/\/www.bike-guides.de\/#website"},"primaryImageOfPage":{"@id":"https:\/\/www.bike-guides.de\/index.php\/2023\/03\/13\/after-work-radeln-in-netter-gesellschaft\/#primaryimage"},"image":{"@id":"https:\/\/www.bike-guides.de\/index.php\/2023\/03\/13\/after-work-radeln-in-netter-gesellschaft\/#primaryimage"},"thumbnailUrl":"https:\/\/www.bike-guides.de\/wp-content\/uploads\/2023\/07\/Gruppesonne.jpg","datePublished":"2023-03-13T14:34:06+00:00","dateModified":"2025-04-01T12:11:46+00:00","description":"Der Feierabend-E-Mountainbike Treff f\u00fcr die kleine gemeinsame Abendtour im vorderen Odenwald - in einer netten Gruppe gemeinsam eine Tour fahren.","breadcrumb":{"@id":"https:\/\/www.bike-guides.de\/index.php\/2023\/03\/13\/after-work-radeln-in-netter-gesellschaft\/#breadcrumb"},"inLanguage":"de","potentialAction":[{"@type":"ReadAction","target":["https:\/\/www.bike-guides.de\/index.php\/2023\/03\/13\/after-work-radeln-in-netter-gesellschaft\/"]}]},{"@type":"ImageObject","inLanguage":"de","@id":"https:\/\/www.bike-guides.de\/index.php\/2023\/03\/13\/after-work-radeln-in-netter-gesellschaft\/#primaryimage","url":"https:\/\/www.bike-guides.de\/wp-content\/uploads\/2023\/07\/Gruppesonne.jpg","contentUrl":"https:\/\/www.bike-guides.de\/wp-content\/uploads\/2023\/07\/Gruppesonne.jpg","width":2000,"height":1247,"caption":"Mountainbiker auf gef\u00fchrter Tour im Odenwald mit E-Bikes"},{"@type":"BreadcrumbList","@id":"https:\/\/www.bike-guides.de\/index.php\/2023\/03\/13\/after-work-radeln-in-netter-gesellschaft\/#breadcrumb","itemListElement":[{"@type":"ListItem","position":1,"name":"Startseite","item":"https:\/\/www.bike-guides.de\/"},{"@type":"ListItem","position":2,"name":"After-Work-Radeln in netter Gesellschaft"}]},{"@type":"WebSite","@id":"https:\/\/www.bike-guides.de\/#website","url":"https:\/\/www.bike-guides.de\/","name":"Bike-Guides Weinheim","description":"Gef\u00fchrte Touren und Events mit dem E-Mountainbike im Odenwald","publisher":{"@id":"https:\/\/www.bike-guides.de\/#organization"},"potentialAction":[{"@type":"SearchAction","target":{"@type":"EntryPoint","urlTemplate":"https:\/\/www.bike-guides.de\/?s={search_term_string}"},"query-input":{"@type":"PropertyValueSpecification","valueRequired":true,"valueName":"search_term_string"}}],"inLanguage":"de"},{"@type":"Organization","@id":"https:\/\/www.bike-guides.de\/#organization","name":"Bike-Guides Weinheim","url":"https:\/\/www.bike-guides.de\/","logo":{"@type":"ImageObject","inLanguage":"de","@id":"https:\/\/www.bike-guides.de\/#\/schema\/logo\/image\/","url":"https:\/\/www.bike-guides.de\/wp-content\/uploads\/2022\/10\/cropped-logo-wei-wei.png","contentUrl":"https:\/\/www.bike-guides.de\/wp-content\/uploads\/2022\/10\/cropped-logo-wei-wei.png","width":313,"height":250,"caption":"Bike-Guides Weinheim"},"image":{"@id":"https:\/\/www.bike-guides.de\/#\/schema\/logo\/image\/"}},{"@type":"Person","@id":"https:\/\/www.bike-guides.de\/#\/schema\/person\/b07147582d70a37352e01d7136769651","name":"Andreas","image":{"@type":"ImageObject","inLanguage":"de","@id":"https:\/\/www.bike-guides.de\/wp-content\/uploads\/2022\/10\/cropped-favicon-gr-e1665173137910-96x96.jpg","url":"https:\/\/www.bike-guides.de\/wp-content\/uploads\/2022\/10\/cropped-favicon-gr-e1665173137910-96x96.jpg","contentUrl":"https:\/\/www.bike-guides.de\/wp-content\/uploads\/2022\/10\/cropped-favicon-gr-e1665173137910-96x96.jpg","caption":"Andreas"},"sameAs":["https:\/\/www.bike-guides.de"],"url":"https:\/\/www.bike-guides.de\/index.php\/author\/apatolla_2wy5gpqk\/"}]}},"jetpack_sharing_enabled":true,"jetpack_featured_media_url":"https:\/\/www.bike-guides.de\/wp-content\/uploads\/2023\/07\/Gruppesonne.jpg","_links":{"self":[{"href":"https:\/\/www.bike-guides.de\/index.php\/wp-json\/wp\/v2\/posts\/1144","targetHints":{"allow":["GET"]}}],"collection":[{"href":"https:\/\/www.bike-guides.de\/index.php\/wp-json\/wp\/v2\/posts"}],"about":[{"href":"https:\/\/www.bike-guides.de\/index.php\/wp-json\/wp\/v2\/types\/post"}],"author":[{"embeddable":true,"href":"https:\/\/www.bike-guides.de\/index.php\/wp-json\/wp\/v2\/users\/1"}],"replies":[{"embeddable":true,"href":"https:\/\/www.bike-guides.de\/index.php\/wp-json\/wp\/v2\/comments?post=1144"}],"version-history":[{"count":54,"href":"https:\/\/www.bike-guides.de\/index.php\/wp-json\/wp\/v2\/posts\/1144\/revisions"}],"predecessor-version":[{"id":2739,"href":"https:\/\/www.bike-guides.de\/index.php\/wp-json\/wp\/v2\/posts\/1144\/revisions\/2739"}],"wp:featuredmedia":[{"embeddable":true,"href":"https:\/\/www.bike-guides.de\/index.php\/wp-json\/wp\/v2\/media\/2388"}],"wp:attachment":[{"href":"https:\/\/www.bike-guides.de\/index.php\/wp-json\/wp\/v2\/media?parent=1144"}],"wp:term":[{"taxonomy":"category","embeddable":true,"href":"https:\/\/www.bike-guides.de\/index.php\/wp-json\/wp\/v2\/categories?post=1144"},{"taxonomy":"post_tag","embeddable":true,"href":"https:\/\/www.bike-guides.de\/index.php\/wp-json\/wp\/v2\/tags?post=1144"}],"curies":[{"name":"wp","href":"https:\/\/api.w.org\/{rel}","templated":true}]}}